{"id":104641,"date":"2012-12-03T10:24:13","date_gmt":"2012-12-03T10:24:13","guid":{"rendered":"http:\/\/www.fuldaer-nachrichten.de\/?p=104641"},"modified":"2012-12-03T10:24:13","modified_gmt":"2012-12-03T10:24:13","slug":"315-000-euro-fur-marienschule-landkreis-fulda-beteiligt-sich-mit-zuschuss-an-laufenden-modernisierungs-und-sanierungsmasnahmen","status":"publish","type":"post","link":"https:\/\/www.fuldaernachrichten.de\/?p=104641","title":{"rendered":"315.000 Euro f\u00fcr Marienschule &#8211;  Landkreis Fulda beteiligt sich mit Zuschuss an laufenden Modernisierungs- und Sanierungsma\u00dfnahmen"},"content":{"rendered":"<p>Fulda. Die Marienschule f\u00fchrt derzeit umfangreiche Modernisierungs- und Sanierungsma\u00dfnahmen durch, deren Gesamtkosten sich auf rund 2,27 Millionen Euro belaufen. Abz\u00fcglich von F\u00f6rdermitteln aus dem Bund-L\u00e4nder-Programm und des Bistums Fulda sowie eines Eigenanteils der Stiftung Marienschule verbleibt ein Betrag von 472.500 Euro. Entsprechend des durchschnittlichen Anteils von Kreissch\u00fclern leistet der Landkreis Fulda einen Zuschuss von 315.000 Euro.<\/p>\n<p><!--more--><\/p>\n<p><strong><\/strong>Weiterhin hat der Kreisausschuss in seiner letzten Sitzung beschlossen, dass ein neues Jugendmobil zum Preis von 24.500 Euro angeschafft wird. F\u00fcr ein zweigeschossiges\u00c2\u00a0 Fachwerkhaus in der Ortsmitte von Hofbieber, das inschriftlich in das Jahr 1845 datiert, hat sich nach mehrj\u00e4hrigem Leerstand ein neuer Eigent\u00fcmer gefunden. Dieser m\u00f6chte durch den Einbau dreiteiliger Holzfenster das historische Erscheinungsbild wieder herstellen. Der Landkreis beteiligt sich an den Kosten mit einer Kreisbeihilfe von 2.500 Euro aus Denkmalschutzmitteln. Der Turnverein Gersfeld erh\u00e4lt f\u00fcr die Dach- und Fassadenreparatur der alten Turnhalle in Gersfeld, die 1925 in Fachwerkbauweise errichtet wurde, eine Beihilfe von 1.600 Euro. Auch wurde dem DRK-Kreisverband Fulda f\u00fcr die Ersatzbeschaffung eines F\u00fchrungs- und Zugfahrzeugs zum Einsatz im Katastrophenschutz und in der medizinischen Task Force ein Zuschuss von 1.500 Euro bewilligt.<\/p>\n","protected":false},"excerpt":{"rendered":"<div class=\"tmnf_excerpt\"><p>Fulda. Die Marienschule f\u00fchrt derzeit umfangreiche Modernisierungs- und Sanierungsma\u00dfnahmen durch, deren Gesamtkosten sich auf rund 2,27 Millionen Euro belaufen. Abz\u00fcglich von F\u00f6rdermitteln aus dem Bund-L\u00e4nder-Programm und des Bistums Fulda sowie eines Eigenanteils der Stiftung Marienschule verbleibt ein Betrag von 472.500 Euro. Entsprechend des durchschnittlichen Anteils von Kreissch\u00fclern leistet der Landkreis Fulda einen Zuschuss von 315.000 &hellip;<\/p>\n<\/div>","protected":false},"author":1,"featured_media":0,"comment_status":"closed","ping_status":"closed","sticky":false,"template":"","format":"standard","meta":{"footnotes":""},"categories":[1,29],"tags":[],"class_list":["post-104641","post","type-post","status-publish","format-standard","hentry","category-startseite","category-politik"],"_links":{"self":[{"href":"https:\/\/www.fuldaernachrichten.de\/index.php?rest_route=\/wp\/v2\/posts\/104641","targetHints":{"allow":["GET"]}}],"collection":[{"href":"https:\/\/www.fuldaernachrichten.de\/index.php?rest_route=\/wp\/v2\/posts"}],"about":[{"href":"https:\/\/www.fuldaernachrichten.de\/index.php?rest_route=\/wp\/v2\/types\/post"}],"author":[{"embeddable":true,"href":"https:\/\/www.fuldaernachrichten.de\/index.php?rest_route=\/wp\/v2\/users\/1"}],"replies":[{"embeddable":true,"href":"https:\/\/www.fuldaernachrichten.de\/index.php?rest_route=%2Fwp%2Fv2%2Fcomments&post=104641"}],"version-history":[{"count":0,"href":"https:\/\/www.fuldaernachrichten.de\/index.php?rest_route=\/wp\/v2\/posts\/104641\/revisions"}],"wp:attachment":[{"href":"https:\/\/www.fuldaernachrichten.de\/index.php?rest_route=%2Fwp%2Fv2%2Fmedia&parent=104641"}],"wp:term":[{"taxonomy":"category","embeddable":true,"href":"https:\/\/www.fuldaernachrichten.de\/index.php?rest_route=%2Fwp%2Fv2%2Fcategories&post=104641"},{"taxonomy":"post_tag","embeddable":true,"href":"https:\/\/www.fuldaernachrichten.de\/index.php?rest_route=%2Fwp%2Fv2%2Ftags&post=104641"}],"curies":[{"name":"wp","href":"https:\/\/api.w.org\/{rel}","templated":true}]}}