{"id":104638,"date":"2012-12-03T10:22:33","date_gmt":"2012-12-03T10:22:33","guid":{"rendered":"http:\/\/www.fuldaer-nachrichten.de\/?p=104638"},"modified":"2012-12-03T10:22:33","modified_gmt":"2012-12-03T10:22:33","slug":"jordan-cup-fliedenschluchtern-besiegt-rw-fulda-im-marathon-match","status":"publish","type":"post","link":"https:\/\/www.fuldaernachrichten.de\/?p=104638","title":{"rendered":"JORDAN CUP: Flieden\/Schl\u00fcchtern besiegt RW Fulda im Marathon-Match"},"content":{"rendered":"<p><img decoding=\"async\" class=\"alignleft size-thumbnail wp-image-104639\" title=\"IMG_2921\" src=\"http:\/\/www.fuldaer-nachrichten.de\/wp-content\/uploads\/2012\/12\/IMG_2921-265x159.jpg\" alt=\"\" width=\"265\" height=\"159\" srcset=\"https:\/\/www.fuldaernachrichten.de\/wp-content\/uploads\/2012\/12\/IMG_2921-265x159.jpg 265w, https:\/\/www.fuldaernachrichten.de\/wp-content\/uploads\/2012\/12\/IMG_2921.jpg 600w\" sizes=\"(max-width: 265px) 100vw, 265px\" \/>Fulda. Am 6. Spieltag des in der Tennishalle des TC Gr\u00fcn-Wei\u00df Fulda ausgetragenen JORDAN CUP\u00c2\u00a0 trafen Rot-Wei\u00df Fulda und die MSG Flieden\/Schl\u00fcchtern aufeinander. Die Kontrahenten absolvierten einen regelrechten Tennis-Marathon bis weit nach Mitternacht und lieferten sich zahlreiche Drei-Satz-Matches, in denen vor allem die Rot-Wei\u00dfen von einem ausgesprochenen Pech verfolgt waren und schlussendlich etwas zu deutlich mit 4-17 unterlagen.<!--more--><\/p>\n<p>Beide Teams hatten ihre Saisonauftaktmatches gewonnen. Zum direkten Aufeinandertreffen traten beide Teams mit hochklassigen Spielern an. Den h\u00f6chsten LK-Rang des Abends konnte RW-Gruppenligaspielerin Eva M\u00fcller (LK5) vorweisen, die die Schl\u00fcchterner Damen-F\u00fchrungsspielerin Constanze Helgert mit 6-3 6-1 besiegte. Ihre Mannschaftskollegin Katja Schirmer hingegen unterlag gegen Ann-Kathrin Finster in einem mehr als zweist\u00fcndigen Drei-Satz-Krimi im Tie-Break des 3. Satzes. Auch die Rot-Wei\u00dfe Anja Brehl verlor ihr Match gegen Carolin Auth. Knapp ging es auch bei den Herren-Einzeln zu. W\u00e4hrend der Fliedener Janis Skreija beim 6-1 6-2 gegen Michael Hager z\u00fcgig vorankam, \u00e4nderten sich die Siegesaussichten w\u00e4hrend des Matchs des Rot-Wei\u00dfen Sven K\u00e4mpfe gegen Ulli Baute mehrfach; K\u00e4mpfe siegte schlie\u00dflich mit 6-4 4-6 6-4. Noch knapper ging es zwischen RW-Mannschaftsf\u00fchrer Claus Schultz und Nico Schulz zu, bei deren Match aufgrund der vorangeschrittenen Uhrzeit f\u00fcr den 3. Satz die Match-Tie-Break-Regel griff; der Fliedener siegte mit 3-6 7-6 10-7.<\/p>\n<p>Beim Stand von 4-8 nach den Einzeln mu\u00dfte RW Fulda somit zum Erlangen des Gesamtsiegs alle drei Doppel f\u00fcr sich entscheiden. Fr\u00fchzeitig wurde allerdings klar, dass dies nicht mehr gelingen sollte: Im Duell der jeweiligen Top-Spieler lie\u00df das MSG-Doppel Helgert\/Skreija beim 6-0 6-1 gegen M\u00fcller\/Hager nichts mehr anbrennen und sicherte Flieden\/Schl\u00fcchtern den zweiten Saisonsieg. Kurz darauf beendeten die MSG-Cracks Finster\/Schulz mit 6-1 6-2 gegen Schirmer\/K\u00e4mpfe ihren Tennisabend. Einen aufopferungsvollen Kampf bis 1.15 Uhr am Sonntagmorgen lieferte sich das RW-Doppel Brehl\/Ralph Zapke gegen Auth\/Baute; die M\u00fchen blieben f\u00fcr die RW-Paarung beim 4-6 6-2 6-10 allerdings ohne z\u00e4hlbaren Lohn. Flieden\/Schl\u00fcchtern r\u00fcckt in der Tabelle damit vor GW Fulda auf die Spitzenposition, w\u00e4hrend RW Fulda hinter den TV Brauerschwend auf Rang 4 zur\u00fcckf\u00e4llt.<\/p>\n<p>Am kommenden Samstag, dem 8. Dezember 2012, treten um 18 Uhr mit dem TC 1987 Marbach und dem TC Eichenzell zwei Teams gegeneinander an, die ihre Auftaktpartien verloren haben haben und auf die ersten Punkte hoffen.<\/p>\n<p>Alle weiteren Informationen zum JORDAN CUP stehen online bereit unter <a href=\"http:\/\/www.facebook.com\/tennis.winter \">www.facebook.com\/tennis.winter <\/a>sowie <a href=\"http:\/\/www.jordancup.de\">www.jordancup.de<\/a>.<\/p>\n<p>Foto: oben von links: Anja Brehl, Katja Schirmer, Michael Hager, Claus Schultz, Sven K\u00e4mpfe (alle RW Fulda); unten von links: Constanze Helgert, Carolin Auth, Ann-Kathrin Finster, Nico Schulz, Ulli Baute (alle Flieden\/Schl\u00fcchtern); es fehlen: Eva M\u00fcller, Ralph Zapke (RW Fulda), Janis Skreija (Flieden\/Schl\u00fcchtern)<\/p>\n<p>&nbsp;<\/p>\n","protected":false},"excerpt":{"rendered":"<div class=\"tmnf_excerpt\"><p>Fulda. Am 6. Spieltag des in der Tennishalle des TC Gr\u00fcn-Wei\u00df Fulda ausgetragenen JORDAN CUP\u00c2\u00a0 trafen Rot-Wei\u00df Fulda und die MSG Flieden\/Schl\u00fcchtern aufeinander. Die Kontrahenten absolvierten einen regelrechten Tennis-Marathon bis weit nach Mitternacht und lieferten sich zahlreiche Drei-Satz-Matches, in denen vor allem die Rot-Wei\u00dfen von einem ausgesprochenen Pech verfolgt waren und schlussendlich etwas zu deutlich &hellip;<\/p>\n<\/div>","protected":false},"author":1,"featured_media":0,"comment_status":"closed","ping_status":"closed","sticky":false,"template":"","format":"standard","meta":{"footnotes":""},"categories":[1,46],"tags":[],"class_list":["post-104638","post","type-post","status-publish","format-standard","hentry","category-startseite","category-sport"],"_links":{"self":[{"href":"https:\/\/www.fuldaernachrichten.de\/index.php?rest_route=\/wp\/v2\/posts\/104638","targetHints":{"allow":["GET"]}}],"collection":[{"href":"https:\/\/www.fuldaernachrichten.de\/index.php?rest_route=\/wp\/v2\/posts"}],"about":[{"href":"https:\/\/www.fuldaernachrichten.de\/index.php?rest_route=\/wp\/v2\/types\/post"}],"author":[{"embeddable":true,"href":"https:\/\/www.fuldaernachrichten.de\/index.php?rest_route=\/wp\/v2\/users\/1"}],"replies":[{"embeddable":true,"href":"https:\/\/www.fuldaernachrichten.de\/index.php?rest_route=%2Fwp%2Fv2%2Fcomments&post=104638"}],"version-history":[{"count":0,"href":"https:\/\/www.fuldaernachrichten.de\/index.php?rest_route=\/wp\/v2\/posts\/104638\/revisions"}],"wp:attachment":[{"href":"https:\/\/www.fuldaernachrichten.de\/index.php?rest_route=%2Fwp%2Fv2%2Fmedia&parent=104638"}],"wp:term":[{"taxonomy":"category","embeddable":true,"href":"https:\/\/www.fuldaernachrichten.de\/index.php?rest_route=%2Fwp%2Fv2%2Fcategories&post=104638"},{"taxonomy":"post_tag","embeddable":true,"href":"https:\/\/www.fuldaernachrichten.de\/index.php?rest_route=%2Fwp%2Fv2%2Ftags&post=104638"}],"curies":[{"name":"wp","href":"https:\/\/api.w.org\/{rel}","templated":true}]}}