{"id":104632,"date":"2012-12-03T10:20:11","date_gmt":"2012-12-03T10:20:11","guid":{"rendered":"http:\/\/www.fuldaer-nachrichten.de\/?p=104632"},"modified":"2012-12-03T10:20:11","modified_gmt":"2012-12-03T10:20:11","slug":"adventspaddeln-im-bezirk-nord-des-hessischen-kanu-verbandes","status":"publish","type":"post","link":"https:\/\/www.fuldaernachrichten.de\/?p=104632","title":{"rendered":"Adventspaddeln im Bezirk Nord des Hessischen Kanu-Verbandes"},"content":{"rendered":"<p><img fetchpriority=\"high\" decoding=\"async\" class=\"alignleft size-thumbnail wp-image-104636\" title=\"Volles-Haus-bei-der-KV-Hessen-Kassel\" src=\"http:\/\/www.fuldaer-nachrichten.de\/wp-content\/uploads\/2012\/12\/Volles-Haus-bei-der-KV-Hessen-Kassel-265x198.jpg\" alt=\"\" width=\"265\" height=\"198\" srcset=\"https:\/\/www.fuldaernachrichten.de\/wp-content\/uploads\/2012\/12\/Volles-Haus-bei-der-KV-Hessen-Kassel-265x198.jpg 265w, https:\/\/www.fuldaernachrichten.de\/wp-content\/uploads\/2012\/12\/Volles-Haus-bei-der-KV-Hessen-Kassel.jpg 592w\" sizes=\"(max-width: 265px) 100vw, 265px\" \/>Kassel. Sonntag, der 1. Advent: Eigentlich sollte es ein beschaulicher Sonntag werden, vielleicht im Kreise der Familie. Aber dann lockte die Einladung von Hermann Haupenthal (Bezirksvorsitzender) und Ulrich R\u00f6hr (Bezirkswanderwart) zum Adventspaddeln viele\u00c2\u00a0 Paddlerinnen und Paddler aller Altersklassen an die Fulda bei Kassel.<!--more--><\/p>\n<p>Kaum zu glauben, mit dem Advent kam auch der Winter nach Ost- und Nordhessen. Die Fuldaer und Bad Hersfelder hatten ihren Kampf auf der A 7, die Kasseler Berge waren bei geschlossener Schneedecke kaum zu bezwingen. Auch f\u00fcr Frankenberg und Korbach war die Anreise winterlich und damit beschwerlich. \u00dcberall an den Steigungen standen die SLKs und andere \u201eSommerautos\u201c und blockierten den Verkehr. Mit diesem Schnee hatte niemand gerechnet. Aber die Kanuten waren auch auf der Stra\u00dfe gut ger\u00fcstet und p\u00fcnktlich am Start.<\/p>\n<p><img decoding=\"async\" class=\"alignnone size-thumbnail wp-image-104635\" title=\"Ulrich-Ro\u00cc\u02c6hr-und-der-Fuldaer-Gabriel-Kraft-aus-dem-Marathon-Team-(im-Boot)\" src=\"http:\/\/www.fuldaer-nachrichten.de\/wp-content\/uploads\/2012\/12\/Ulrich-Ro\u00cc\u02c6hr-und-der-Fuldaer-Gabriel-Kraft-aus-dem-Marathon-Team-im-Boot-265x198.jpg\" alt=\"\" width=\"265\" height=\"198\" \/> <img decoding=\"async\" class=\"alignnone size-thumbnail wp-image-104634\" title=\"Startvorbereitungen\" src=\"http:\/\/www.fuldaer-nachrichten.de\/wp-content\/uploads\/2012\/12\/Startvorbereitungen-265x198.jpg\" alt=\"\" width=\"265\" height=\"198\" srcset=\"https:\/\/www.fuldaernachrichten.de\/wp-content\/uploads\/2012\/12\/Startvorbereitungen-265x198.jpg 265w, https:\/\/www.fuldaernachrichten.de\/wp-content\/uploads\/2012\/12\/Startvorbereitungen.jpg 592w\" sizes=\"(max-width: 265px) 100vw, 265px\" \/><\/p>\n<p>Treff f\u00fcr die Adventsfahrt des Bezirks Nord im HKV, war um 1200 Uhr in Cuxhagen. Hermann Haupenthal und Ulrich R\u00f6hr wollten ihren Augen nicht trauen. Trotz der widrigen Witterung kamen immer mehr Paddler und luden ihre Boote ab. \u00dcber 50 Kanuten aller Altersklassen gingen aufs eiskalte Wasser. Die Osthessen aus Fulda waren mit ihrem Marathon-Mann Reinhard Baumann und seinen Mitstreitern und den Nachwuchstrainern Viktor Massini und Elke Piaskowski und mehreren Sportlern dabei. Und trotz der Temperaturen von weniger als 0 Grad, war die Stimmung \u201ebombig\u201c. Alle waren bestens gelaunt und freuten sich auf die fast 20 km lange Tour. An der neuen M\u00fchle gab es bei einer Portage eiskalte F\u00fc\u00dfe.<\/p>\n<p>Aber f\u00fcr die erfahrenen Paddler war dies das geringste \u00dcbel. Denn die schweren Boote mussten ca. 200 m umtragen werden. Zum Gl\u00fcck hatten Michael Fladung und Reinhard Baumann aus Fulda daf\u00fcr gesorgt, dass die Bootstransport-Lore am Ausstieg stand und die schweren Boote auf Schienen zum Einstieg unterhalb des Wehres transportiert werden konnten. Leider musste die Winter-Kanu-Tour durch die Kasseler Auen noch vor dem geplanten Ziel abgebrochen werden. Kurz vor der Schleuse Kassel war die Fulda gesperrt. Die Ursache: \u201eBombenalarm\u201c. In dem nachfolgenden Fuldaabschnitt wurden mehrere Blindg\u00e4nger ausgemacht, die in den n\u00e4chsten Tagen entsch\u00e4rft bzw. kontrolliert gesprengt werden m\u00fcssen.<\/p>\n<p><img loading=\"lazy\" decoding=\"async\" class=\"alignleft size-thumbnail wp-image-104633\" title=\"Die-Auswahl-aus-Fulda-bei-der-Ehrung-der-erfolgreichsten-Sportler\" src=\"http:\/\/www.fuldaer-nachrichten.de\/wp-content\/uploads\/2012\/12\/Die-Auswahl-aus-Fulda-bei-der-Ehrung-der-erfolgreichsten-Sportler-265x198.jpg\" alt=\"\" width=\"265\" height=\"198\" srcset=\"https:\/\/www.fuldaernachrichten.de\/wp-content\/uploads\/2012\/12\/Die-Auswahl-aus-Fulda-bei-der-Ehrung-der-erfolgreichsten-Sportler-265x198.jpg 265w, https:\/\/www.fuldaernachrichten.de\/wp-content\/uploads\/2012\/12\/Die-Auswahl-aus-Fulda-bei-der-Ehrung-der-erfolgreichsten-Sportler.jpg 592w\" sizes=\"(max-width: 265px) 100vw, 265px\" \/>Fast alle erreichten \u00fcber einen kleinen Umweg, man musste bei den Kasseler Gr\u00fcn-Wei\u00dfen oder dem ACTK-Bootshaus aussteigen und die Boote auf die Anh\u00e4nger verladen, das Bootshaus des gastgebenden Vereins; nur ein Fuldaer ging in den eiskalten Fluten baden, zeigte sich dennoch bestens gelaunt. Bei der Kanu-Vereinigung Kassel hatte man gut eingeheizt. Kaffee und Kuchen lie\u00dfen die Paddlerherzen h\u00f6her schlagen. Und dann war es endlich soweit. Bezirksvorsitzender Herrmann Haupenthal begr\u00fc\u00dfte \u00fcber 100 G\u00e4ste und freute sich sichtlich \u00fcber den gro\u00dfen Zulauf. Im Rahmen des Advent-Cafes konnte Haupenthal allen erfolgreichen Leistungssportlern die Ehrengaben des Bezirks \u00fcberreichen. Allein <img loading=\"lazy\" decoding=\"async\" class=\"alignleft size-thumbnail wp-image-104637\" title=\"Haupenthal-Knoth-Ro\u00cc\u02c6hr\" src=\"http:\/\/www.fuldaer-nachrichten.de\/wp-content\/uploads\/2012\/12\/Haupenthal-Knoth-Ro\u00cc\u02c6hr-265x353.jpg\" alt=\"\" width=\"265\" height=\"353\" \/>34 Fuldaer durften sich \u00fcber die Auszeichnung freuen; der Fuldaer Vorsitzende Harald Piaskowski hatte aber nur 7 Vertreter mit nach Kassel gebracht. Auch die Breitensportler kamen nicht zu kurz und wurden f\u00fcr viele gefahrene Kilometer geehrt. Die Erfolgreichsten im Breitensport waren einmal mehr die Kanu-Wanderer Bad Hersfeld. \u00dcber 1.800 Punkte hatten die Hersfelder eingefahren und wurden daf\u00fcr von Uli R\u00f6hr mit dem Helmut Kersten Pokal ausgezeichnet. Begleitet von tosendem Beifall nahm der Vorsitzende G\u00fcnther Knoth den Wanderpokal entgegen. Auf Platz 2 kam der ACT Kassel, 3. wurde der Polizeisportverein Gr\u00fcn Wei\u00df Kassel.<\/p>\n<p>Mit einem gro\u00dfen Dank an die Gastgeber und den besten W\u00fcnschen f\u00fcr das anstehende Weihnachtsfest und einem guten Rutsch ins Jahr 2013, verabschiedete der Bezirksvorsitzende die anwesenden Kanuten, Trainer und Betreuer und lud alle zu den Aktivit\u00e4ten des Bezirks im neuen Jahr ein.\u00c2\u00a0 (Text und Fotos: Harald Piaskowski)<\/p>\n","protected":false},"excerpt":{"rendered":"<div class=\"tmnf_excerpt\"><p>Kassel. Sonntag, der 1. Advent: Eigentlich sollte es ein beschaulicher Sonntag werden, vielleicht im Kreise der Familie. Aber dann lockte die Einladung von Hermann Haupenthal (Bezirksvorsitzender) und Ulrich R\u00f6hr (Bezirkswanderwart) zum Adventspaddeln viele\u00c2\u00a0 Paddlerinnen und Paddler aller Altersklassen an die Fulda bei Kassel.<\/p>\n<\/div>","protected":false},"author":1,"featured_media":0,"comment_status":"closed","ping_status":"closed","sticky":false,"template":"","format":"standard","meta":{"footnotes":""},"categories":[1,46],"tags":[],"class_list":["post-104632","post","type-post","status-publish","format-standard","hentry","category-startseite","category-sport"],"_links":{"self":[{"href":"https:\/\/www.fuldaernachrichten.de\/index.php?rest_route=\/wp\/v2\/posts\/104632","targetHints":{"allow":["GET"]}}],"collection":[{"href":"https:\/\/www.fuldaernachrichten.de\/index.php?rest_route=\/wp\/v2\/posts"}],"about":[{"href":"https:\/\/www.fuldaernachrichten.de\/index.php?rest_route=\/wp\/v2\/types\/post"}],"author":[{"embeddable":true,"href":"https:\/\/www.fuldaernachrichten.de\/index.php?rest_route=\/wp\/v2\/users\/1"}],"replies":[{"embeddable":true,"href":"https:\/\/www.fuldaernachrichten.de\/index.php?rest_route=%2Fwp%2Fv2%2Fcomments&post=104632"}],"version-history":[{"count":0,"href":"https:\/\/www.fuldaernachrichten.de\/index.php?rest_route=\/wp\/v2\/posts\/104632\/revisions"}],"wp:attachment":[{"href":"https:\/\/www.fuldaernachrichten.de\/index.php?rest_route=%2Fwp%2Fv2%2Fmedia&parent=104632"}],"wp:term":[{"taxonomy":"category","embeddable":true,"href":"https:\/\/www.fuldaernachrichten.de\/index.php?rest_route=%2Fwp%2Fv2%2Fcategories&post=104632"},{"taxonomy":"post_tag","embeddable":true,"href":"https:\/\/www.fuldaernachrichten.de\/index.php?rest_route=%2Fwp%2Fv2%2Ftags&post=104632"}],"curies":[{"name":"wp","href":"https:\/\/api.w.org\/{rel}","templated":true}]}}