{"id":104630,"date":"2012-12-03T10:15:19","date_gmt":"2012-12-03T10:15:19","guid":{"rendered":"http:\/\/www.fuldaer-nachrichten.de\/?p=104630"},"modified":"2012-12-03T10:15:19","modified_gmt":"2012-12-03T10:15:19","slug":"83-kolpinggedenktag-2012-in-giesel-65-jahre-in-kolpings-geist-das-eigene-leben-gestaltet","status":"publish","type":"post","link":"https:\/\/www.fuldaernachrichten.de\/?p=104630","title":{"rendered":"83. Kolpinggedenktag 2012 in Giesel &#8211; 65 Jahre in Kolpings Geist das eigene Leben gestaltet"},"content":{"rendered":"<p><img fetchpriority=\"high\" decoding=\"async\" class=\"alignleft size-thumbnail wp-image-104631\" title=\"Kolping-Giesel-Jubilarenehrung-2012\" src=\"http:\/\/www.fuldaer-nachrichten.de\/wp-content\/uploads\/2012\/12\/Kolping-Giesel-Jubilarenehrung-2012-265x217.jpg\" alt=\"\" width=\"265\" height=\"217\" srcset=\"https:\/\/www.fuldaernachrichten.de\/wp-content\/uploads\/2012\/12\/Kolping-Giesel-Jubilarenehrung-2012-265x217.jpg 265w, https:\/\/www.fuldaernachrichten.de\/wp-content\/uploads\/2012\/12\/Kolping-Giesel-Jubilarenehrung-2012.jpg 592w\" sizes=\"(max-width: 265px) 100vw, 265px\" \/>Neuhof-Giesel. Im Jahr des Glaubens er\u00f6ffnen die Gieseler Kolpinger das Kolpingjahr, weil weltweit am 8. Dezember 2013 der 200. Geburtstag des Gr\u00fcnders und seligen Priesters Adolph Kolping gefeiert wird. Als Auftakt des Kolpingjahres feierte die Gieseler Kolpingfamilie mit Pfarrer Winfried Bittner, Fulda, den 83. Gieseler Kolpinggedenktag am Vorabend des 1. Advent mit einem Gottesdienst in der Pfarrkirche St. Laurentius, wo das Kolpingbanner und eine Bildtafel der verstorbenen Pr\u00e4sides und Mitglieder der Kolpingfamilie daran erinnerte, wem der Gottesdienst gewidmet war.<!--more--><\/p>\n<p>In seiner Ansprache wies Pfarrer Bittner darauf hin, dass jeder Christ auch in der heutigen Zeit aufgerufen sei sich \u201emit wachem Geist und gro\u00dfer Aufmerksamkeit wie der am 8. Dezember 1813 geborene Adolph Kolping, dessen 200. Geburtstag sich in 2013 j\u00e4hrt, seinerzeit die oft menschenunw\u00fcrdigen Lebensbedingungen der meist jugendlichen Handwerksgesellen wahrgenommen habe und sich daher aus seinem katholischen Glauben und seiner Gottes- und N\u00e4chstenliebe heraus tatkr\u00e4ftig und unerm\u00fcdlich f\u00fcr sie einsetzte, sich auch f\u00fcr die heutige Jugend einzusetzen. Dabei war ihm die St\u00e4rkung und F\u00f6rderung der christlichen Familie ein wichtiges Anliegen. Allen liebende Geborgenheit und Beheimatung, Sinn und Erf\u00fcllung im Leben zu geben, sei sein tiefstes christliches Anliegen und Bem\u00fchen gewesen, das sich schlie\u00dflich im internationalen Kolpingwerk weltweit ausdehnte und verbreitete\u201c\u00c2\u00a0 f\u00fchrte Pfarrer Bittner aus.<\/p>\n<p>\u201eAuch heute seien seine Absichten und Ziele, seine Ideale und Initiativen \u2013 \u00fcbersetzt f\u00fcr unsere Zeit und gesellschaftliche Situation \u2013 h\u00f6chst aktuell und notwendig und fordern die Mitglieder der Kolpingfamilien noch heute heraus. Der geistigen Verwahrlosung, tiefen Armut und allgemeinen Verelendung vieler junger M\u00e4nner ohne Hoffnung und Perspektive begegnete er mit sozialer Unterst\u00fctzung, allgemeiner menschlicher, beruflicher, religi\u00f6ser und gesellschaftlicher Bildung, mit Geselligkeit und guter Gemeinschaft. \u201eSolche Leitbilder wie Adolph Kolping brauchen wir f\u00fcr die Kirche von heute, sagte der selige Papst Johannes Paul II. beim Besuch seines Grabes in der K\u00f6lner Minoritenkirche am 15. November 1980. Und das gelte bleibend auch heute 32 Jahre nach diesem Wort des Papstes f\u00fcr die Situation der geistigen und sittlichen Verw\u00fcstung und Leere vieler Menschen, in der wir uns heute bef\u00e4nden, f\u00fchrte Bittner aus.<\/p>\n<p>Lebendige Einheit von Glauben, soziale Verantwortung f\u00fcr die eigene Familie und die Gemeinschaft bezeugte in besonderem Ma\u00dfe der Gieseler Kolpingsohn August Schneider mit seiner geistigen Ausrichtung und seinem Tun und Handeln in seiner langj\u00e4hrigen Mitgliedschaft im Kolpingwerk und in der Kolpingfamilie Giesel. In der anschlie\u00dfenden Feierstunde zum Kolpinggedenktag im Pfarrjugendheim in Giesel wurde er mit Dank und Anerkennung geehrt. F\u00fcr seine 65j\u00e4hrige treue Mitgliedschaft wurde er mit Urkunde und Pr\u00e4sent, seine Ehefrau Gisela mit einem Blumenpr\u00e4sent von Pfarrer Winfried Bittner und dem Vorsitzenden Walter Block geehrt. Neu als Mitglied in die Kolpingfamilie Giesel wurde Sonja Wehner aufgenommen bevor das gemeinsame Kolpinglied die Feierstunde abschloss.<br \/>\n<strong><br \/>\nFoto:\u00c2\u00a0<\/strong> Freude \u00fcber die Ehrung zeigten auch \u00e4u\u00dferlich (v.l.) Pfarrer Winfried Bittner, August Schneider und dessen Ehefrau Gisela aus Istergiesel und Vorsitzender Walter Block.<\/p>\n","protected":false},"excerpt":{"rendered":"<div class=\"tmnf_excerpt\"><p>Neuhof-Giesel. Im Jahr des Glaubens er\u00f6ffnen die Gieseler Kolpinger das Kolpingjahr, weil weltweit am 8. Dezember 2013 der 200. Geburtstag des Gr\u00fcnders und seligen Priesters Adolph Kolping gefeiert wird. Als Auftakt des Kolpingjahres feierte die Gieseler Kolpingfamilie mit Pfarrer Winfried Bittner, Fulda, den 83. Gieseler Kolpinggedenktag am Vorabend des 1. Advent mit einem Gottesdienst in &hellip;<\/p>\n<\/div>","protected":false},"author":1,"featured_media":0,"comment_status":"closed","ping_status":"closed","sticky":false,"template":"","format":"standard","meta":{"footnotes":""},"categories":[1,50],"tags":[],"class_list":["post-104630","post","type-post","status-publish","format-standard","hentry","category-startseite","category-kirche"],"_links":{"self":[{"href":"https:\/\/www.fuldaernachrichten.de\/index.php?rest_route=\/wp\/v2\/posts\/104630","targetHints":{"allow":["GET"]}}],"collection":[{"href":"https:\/\/www.fuldaernachrichten.de\/index.php?rest_route=\/wp\/v2\/posts"}],"about":[{"href":"https:\/\/www.fuldaernachrichten.de\/index.php?rest_route=\/wp\/v2\/types\/post"}],"author":[{"embeddable":true,"href":"https:\/\/www.fuldaernachrichten.de\/index.php?rest_route=\/wp\/v2\/users\/1"}],"replies":[{"embeddable":true,"href":"https:\/\/www.fuldaernachrichten.de\/index.php?rest_route=%2Fwp%2Fv2%2Fcomments&post=104630"}],"version-history":[{"count":0,"href":"https:\/\/www.fuldaernachrichten.de\/index.php?rest_route=\/wp\/v2\/posts\/104630\/revisions"}],"wp:attachment":[{"href":"https:\/\/www.fuldaernachrichten.de\/index.php?rest_route=%2Fwp%2Fv2%2Fmedia&parent=104630"}],"wp:term":[{"taxonomy":"category","embeddable":true,"href":"https:\/\/www.fuldaernachrichten.de\/index.php?rest_route=%2Fwp%2Fv2%2Fcategories&post=104630"},{"taxonomy":"post_tag","embeddable":true,"href":"https:\/\/www.fuldaernachrichten.de\/index.php?rest_route=%2Fwp%2Fv2%2Ftags&post=104630"}],"curies":[{"name":"wp","href":"https:\/\/api.w.org\/{rel}","templated":true}]}}