{"id":104623,"date":"2012-12-03T00:15:46","date_gmt":"2012-12-03T00:15:46","guid":{"rendered":"http:\/\/www.fuldaer-nachrichten.de\/?p=104623"},"modified":"2012-12-02T17:00:30","modified_gmt":"2012-12-02T17:00:30","slug":"gwendolin-masche-schliest-ausbildung-an-einer-berufsakademie-erfolgreich-ab","status":"publish","type":"post","link":"https:\/\/www.fuldaernachrichten.de\/?p=104623","title":{"rendered":"Gwendolin Masch\u00e9 schlie\u00dft Ausbildung an einer Berufsakademie erfolgreich ab"},"content":{"rendered":"<p><img fetchpriority=\"high\" decoding=\"async\" class=\"alignleft size-thumbnail wp-image-104624\" title=\"002-RCV-Mache\u00cc\u0081-BA-Abschlus-121112-wim\" src=\"http:\/\/www.fuldaer-nachrichten.de\/wp-content\/uploads\/2012\/12\/002-RCV-Mache\u00cc\u0081-BA-Abschlus-121112-wim-265x198.jpg\" alt=\"\" width=\"265\" height=\"198\" \/>Fulda. Mit der European Credit Transfer System (ECTS) \u2013 Klassifikation A hat Gwendolin Masch\u00e9 ihre Ausbildung an der Dualen Hochschule Baden \u2013 W\u00fcrttemberg, Fachbereich Sozialwesen erfolgreich abgeschlossen. Sie ist die dritte Auszubildende des Caritasverbandes f\u00fcr die Regionen Fulda und Geisa e.V., die die sozialarbeiterische T\u00e4tigkeit\u00c2\u00a0 in einer Kombination aus Praxis und Theorie im dreimonatigen Wechsel auf einer Berufsakademie absolviert hat.<!--more--><\/p>\n<p>Gwendolin Masch\u00e9 hatte ihre Ausbildung am 01. Oktober 2009 mit einem Praxisteil in der\u00c2\u00a0 regionalen Caritas Fulda begonnen. Ihr sei es wichtig gewesen, neben dem theoretischen Studium die M\u00f6glichkeit zu haben, Praxiserfahrung zu reflektieren. Schwerpunkt des Studiums war \u201eSoziale Dienste in der Jugend-, Familien- und Sozialhilfe bei Professor Dr. Paul \u2013 Stefan Ro\u00df und Professor Dr. Ute Koch. Bereichsleiter und Anleiter Werner Althaus, er hatte bereits die Anleitung der beiden vorhergehenden Auszubildenden der Berufsakademie Gera inne, betonte, dass mit der Berufsakademie in Stuttgart eine positive gewinnbringende Zusammenarbeit m\u00f6glich gewesen sei. Die M\u00f6glichkeit l\u00e4ngere Praxis in anschlie\u00dfender Theoriephase zu reflektieren, f\u00f6rdere die sozialarbeiterische Kompetenz und vermittle Sicherheit f\u00fcr den Umgang mit der Klientel.Mit Gwendolin Masch\u00e9 habe er zudem eine Person ausbilden d\u00fcrfen, die ein hohes pers\u00f6nliches Engagement auch im Fachdienst f\u00fcr Menschen mit H\u00f6rsch\u00e4digungen und deren Angeh\u00f6rige gezeigt habe, so der Diplom Sozialarbeiter und Geb\u00e4rdendolmetscher.<\/p>\n<p>So absolvierte Gwendolin Masch\u00e9 Geb\u00e4rdenkurse und schrieb ihre Bachelorarbeit \u00fcber \u201eH\u00f6rsch\u00e4digung und Partnerschaft \u2013 Eine empirische Forschungsarbeit zu den Grenzen und M\u00f6glichkeiten von Sozialer Arbeit in Bezug auf die Partnerschaften von h\u00f6rgesch\u00e4digten Menschen.\u201c Gesch\u00e4ftsf\u00fchrer Christian Reuter und Anleiter Werner Althaus gratulierten Gwendolin Masch\u00e9 zu ihrem erfolgreichen Abschluss und dankten f\u00fcr ihr gro\u00dfes pers\u00f6nliches und sozialarbeiterisches Engagement im Verband. Der Gesch\u00e4ftsf\u00fchrer betonte, dass erfolgreiche Absolventen einer Berufsakademie auch immer ein Aush\u00e4ngeschild f\u00fcr die Praxisstelle seien.<\/p>\n<p>Gwendolin Masch\u00e9 arbeitet nach Abschluss ihrer Ausbildung als staatlich anerkannte Sozialarbeiterin\/ Sozialp\u00e4dagogin im Caritas \u2013 Jugendhilfeverbund St. Elisabeth Fulda \u2013 Maberzell in einer Wohngruppe f\u00fcr unbegleitete minderj\u00e4hrige Fl\u00fcchtlinge (UMF).<\/p>\n<p>&nbsp;<\/p>\n<p>&nbsp;<\/p>\n<p>&nbsp;<\/p>\n","protected":false},"excerpt":{"rendered":"<div class=\"tmnf_excerpt\"><p>Fulda. Mit der European Credit Transfer System (ECTS) \u2013 Klassifikation A hat Gwendolin Masch\u00e9 ihre Ausbildung an der Dualen Hochschule Baden \u2013 W\u00fcrttemberg, Fachbereich Sozialwesen erfolgreich abgeschlossen. Sie ist die dritte Auszubildende des Caritasverbandes f\u00fcr die Regionen Fulda und Geisa e.V., die die sozialarbeiterische T\u00e4tigkeit\u00c2\u00a0 in einer Kombination aus Praxis und Theorie im dreimonatigen Wechsel &hellip;<\/p>\n<\/div>","protected":false},"author":1,"featured_media":0,"comment_status":"closed","ping_status":"closed","sticky":false,"template":"","format":"standard","meta":{"footnotes":""},"categories":[1,53,50],"tags":[],"class_list":["post-104623","post","type-post","status-publish","format-standard","hentry","category-startseite","category-bildung","category-kirche"],"_links":{"self":[{"href":"https:\/\/www.fuldaernachrichten.de\/index.php?rest_route=\/wp\/v2\/posts\/104623","targetHints":{"allow":["GET"]}}],"collection":[{"href":"https:\/\/www.fuldaernachrichten.de\/index.php?rest_route=\/wp\/v2\/posts"}],"about":[{"href":"https:\/\/www.fuldaernachrichten.de\/index.php?rest_route=\/wp\/v2\/types\/post"}],"author":[{"embeddable":true,"href":"https:\/\/www.fuldaernachrichten.de\/index.php?rest_route=\/wp\/v2\/users\/1"}],"replies":[{"embeddable":true,"href":"https:\/\/www.fuldaernachrichten.de\/index.php?rest_route=%2Fwp%2Fv2%2Fcomments&post=104623"}],"version-history":[{"count":0,"href":"https:\/\/www.fuldaernachrichten.de\/index.php?rest_route=\/wp\/v2\/posts\/104623\/revisions"}],"wp:attachment":[{"href":"https:\/\/www.fuldaernachrichten.de\/index.php?rest_route=%2Fwp%2Fv2%2Fmedia&parent=104623"}],"wp:term":[{"taxonomy":"category","embeddable":true,"href":"https:\/\/www.fuldaernachrichten.de\/index.php?rest_route=%2Fwp%2Fv2%2Fcategories&post=104623"},{"taxonomy":"post_tag","embeddable":true,"href":"https:\/\/www.fuldaernachrichten.de\/index.php?rest_route=%2Fwp%2Fv2%2Ftags&post=104623"}],"curies":[{"name":"wp","href":"https:\/\/api.w.org\/{rel}","templated":true}]}}