{"id":104621,"date":"2012-12-03T00:12:13","date_gmt":"2012-12-03T00:12:13","guid":{"rendered":"http:\/\/www.fuldaer-nachrichten.de\/?p=104621"},"modified":"2012-12-02T16:56:59","modified_gmt":"2012-12-02T16:56:59","slug":"organisationsreform-in-der-vogelsberg-kreisverwaltung","status":"publish","type":"post","link":"https:\/\/www.fuldaernachrichten.de\/?p=104621","title":{"rendered":"Organisationsreform in der Vogelsberg-Kreisverwaltung"},"content":{"rendered":"<p><img decoding=\"async\" class=\"alignleft size-thumbnail wp-image-104622\" title=\"att97fb2\" src=\"http:\/\/www.fuldaer-nachrichten.de\/wp-content\/uploads\/2012\/12\/att97fb2-265x150.jpg\" alt=\"\" width=\"265\" height=\"150\" srcset=\"https:\/\/www.fuldaernachrichten.de\/wp-content\/uploads\/2012\/12\/att97fb2-265x150.jpg 265w, https:\/\/www.fuldaernachrichten.de\/wp-content\/uploads\/2012\/12\/att97fb2.jpg 512w\" sizes=\"(max-width: 265px) 100vw, 265px\" \/>Vogelsbergkreis. Die Koalitionsparteien SPD, B\u00fcndnis 90\/Die Gr\u00fcnen und die Freien W\u00e4hler hatten es bereits in der ersten Pressekonferenz nach der Kreistagswahl 2011 angek\u00fcndigt: Es soll eine Umstrukturierung der Kreisverwaltung geben, in der knapp 800 Besch\u00e4ftigte in 85 Sachgebieten in \u2013 bisher \u2013 16 \u00c4mtern arbeiten.<!--more--><\/p>\n<p>Die entsprechende Organisationsverf\u00fcgung hat nun vor wenigen Tagen Landrat Manfred G\u00f6rig (SPD) in Kraft gesetzt. Sie gilt ab 1. Januar 2013. Die wesentlichen Merkmale: keine zus\u00e4tzliche Hierarchieebene, sondern Zusammenfassung von acht \u00c4mtern in dann nur noch vier. Insgesamt besteht die Kreisverwaltung statt aus 16 dann ab Januar aus nur 12 \u00c4mtern und einer Stabsstelle. \u201eDie Reform ist damit in einem St\u00fcck abgeschlossen\u201c, macht Landrat G\u00f6rig deutlich. Die Kreisverwaltung sei nun \u201esolide, zukunftsf\u00e4hig und in der F\u00fchrungsstruktur stringent\u201c aufgestellt.<\/p>\n<p>Die Dezernenten Landrat Manfred G\u00f6rig, Erster Kreisbeigeordneter Peter Zielinski (B\u00fcndnis 90\/Die Gr\u00fcnen) und Kreisbeigeordneter Heinz Gei\u00dfel (Freie W\u00e4hler) gaben sich in einer Pressekonferenz \u00fcberzeugt, die neue Struktur werde zu Synergien f\u00fchren und Reibungsverluste vermindern. Die Effizienz werde zunehmen und auch Einsparungen erbringen. Nicht zuletzt ist die Reform Bestandteil der Kriterien des Kommunalen Schutzschirms, unter den der Landkreis schl\u00fcpfen will und der das Defizit um \u00fcber 32 Millionen Euro vermindert.<\/p>\n<p><strong>Die Dezernate gliedern sich folgenderma\u00dfen auf:<\/strong><\/p>\n<p>Dezernat I: Der Landrat ist Chef von acht \u00c4mtern. Hierzu z\u00e4hlen die drei ehemals staatlichen \u00c4mter \u2013 Amt f\u00fcr Aufsichts- und Ordnungsangelegenheiten, das Amt f\u00fcr Veterin\u00e4rwesen und Verbraucherschutz und das Amt f\u00fcr den l\u00e4ndlichen Raum und Daseinsvorsorge. F\u00fcr diese drei Bereiche ist der Kreisausschuss als Lenkungsgremium der Verwaltung nicht zust\u00e4ndig, sondern der Landrat direkt. Die weiteren f\u00fcnf \u00c4mter im Kreisausschuss-Bereich des Landrats sind: das Haupt- und Rechtsamt, das Amt f\u00fcr Wirtschaftsf\u00f6rderung und Revision, das Amt f\u00fcr Finanzen und Kassenwesen, das Amt f\u00fcr Soziale Sicherung (hierzu z\u00e4hlt auch als weitaus gr\u00f6\u00dftes Einzelsachgebiet das Kommunale Jobcenter KVA) sowie das Gesundheitsamt.<\/p>\n<p>Dezernat II: Der hauptamtliche Erste Kreisbeigeordnete Peter Zielinski leitet drei \u00c4mter, n\u00e4mlich das Amt f\u00fcr Schulen und Liegenschaften, das Amt f\u00fcr Volkshochschule sowie das Jugendamt.<\/p>\n<p>Dezernat III: Der ehrenamtliche Kreisbeigeordnete Heinz Gei\u00dfel leitet das Amt f\u00fcr Bauen und Umwelt.<\/p>\n<p>Die Pressestelle wird eigenst\u00e4ndige Stabsstelle, direkt dem Landrat zugeordnet und zust\u00e4ndig f\u00fcr alle drei Dezernate. Diese Regelung tritt bereits am 1. Dezember in Kraft, was auch f\u00fcr die Fusion der beiden Bereiche Amt f\u00fcr Geb\u00e4udemanagement und Schulverwaltungsamt gilt, das jetzt Amt f\u00fcr Schulen und Liegenschaften hei\u00dft.<\/p>\n<p>Foto: Sie stellten die neue Organisation in der Kreisverwaltung vor (von links): Rechtsamtsleiter Dr. Arno Wettlaufer, Kreisbeigeordneter Heinz Gei\u00dfel, Landrat Manfred G\u00f6rig und Erster Kreisbeigeordneter Peter Zielinski. Foto: Erich Ruhl, Pressestelle Vogelsbergkreis<\/p>\n","protected":false},"excerpt":{"rendered":"<div class=\"tmnf_excerpt\"><p>Vogelsbergkreis. Die Koalitionsparteien SPD, B\u00fcndnis 90\/Die Gr\u00fcnen und die Freien W\u00e4hler hatten es bereits in der ersten Pressekonferenz nach der Kreistagswahl 2011 angek\u00fcndigt: Es soll eine Umstrukturierung der Kreisverwaltung geben, in der knapp 800 Besch\u00e4ftigte in 85 Sachgebieten in \u2013 bisher \u2013 16 \u00c4mtern arbeiten.<\/p>\n<\/div>","protected":false},"author":1,"featured_media":0,"comment_status":"closed","ping_status":"closed","sticky":false,"template":"","format":"standard","meta":{"footnotes":""},"categories":[1,29],"tags":[],"class_list":["post-104621","post","type-post","status-publish","format-standard","hentry","category-startseite","category-politik"],"_links":{"self":[{"href":"https:\/\/www.fuldaernachrichten.de\/index.php?rest_route=\/wp\/v2\/posts\/104621","targetHints":{"allow":["GET"]}}],"collection":[{"href":"https:\/\/www.fuldaernachrichten.de\/index.php?rest_route=\/wp\/v2\/posts"}],"about":[{"href":"https:\/\/www.fuldaernachrichten.de\/index.php?rest_route=\/wp\/v2\/types\/post"}],"author":[{"embeddable":true,"href":"https:\/\/www.fuldaernachrichten.de\/index.php?rest_route=\/wp\/v2\/users\/1"}],"replies":[{"embeddable":true,"href":"https:\/\/www.fuldaernachrichten.de\/index.php?rest_route=%2Fwp%2Fv2%2Fcomments&post=104621"}],"version-history":[{"count":0,"href":"https:\/\/www.fuldaernachrichten.de\/index.php?rest_route=\/wp\/v2\/posts\/104621\/revisions"}],"wp:attachment":[{"href":"https:\/\/www.fuldaernachrichten.de\/index.php?rest_route=%2Fwp%2Fv2%2Fmedia&parent=104621"}],"wp:term":[{"taxonomy":"category","embeddable":true,"href":"https:\/\/www.fuldaernachrichten.de\/index.php?rest_route=%2Fwp%2Fv2%2Fcategories&post=104621"},{"taxonomy":"post_tag","embeddable":true,"href":"https:\/\/www.fuldaernachrichten.de\/index.php?rest_route=%2Fwp%2Fv2%2Ftags&post=104621"}],"curies":[{"name":"wp","href":"https:\/\/api.w.org\/{rel}","templated":true}]}}