{"id":104617,"date":"2012-12-02T00:10:32","date_gmt":"2012-12-02T00:10:32","guid":{"rendered":"http:\/\/www.fuldaer-nachrichten.de\/?p=104617"},"modified":"2012-12-02T11:09:51","modified_gmt":"2012-12-02T11:09:51","slug":"drei-fuldaer-ehepaare-von-karl-kardinal-lehmann-ausgesendet","status":"publish","type":"post","link":"https:\/\/www.fuldaernachrichten.de\/?p=104617","title":{"rendered":"Drei Fuldaer Ehepaare von Karl Kardinal Lehmann ausgesendet"},"content":{"rendered":"<p><img decoding=\"async\" class=\"alignleft size-thumbnail wp-image-104618\" title=\"IMG_9916\" src=\"http:\/\/www.fuldaer-nachrichten.de\/wp-content\/uploads\/2012\/12\/IMG_9916-265x176.jpg\" alt=\"\" width=\"265\" height=\"176\" srcset=\"https:\/\/www.fuldaernachrichten.de\/wp-content\/uploads\/2012\/12\/IMG_9916-265x176.jpg 265w, https:\/\/www.fuldaernachrichten.de\/wp-content\/uploads\/2012\/12\/IMG_9916.jpg 600w\" sizes=\"(max-width: 265px) 100vw, 265px\" \/>Fulda. Am Christk\u00f6nigsfest wurden im Rahmen einer Bischofsmesse durch Karl Kardinal Lehmann im Sch\u00f6nstattfamilienzentrum Weiskirchen, einer Tagungsst\u00e4tte im \u00c2\u00a0Bistum Mainz, neun Ehepaare als Ehe- und Familientrainer ausgesandt. Unter den Absolventen waren auch drei Ehepaare aus dem Bistum Fulda. Die Aussendungsfeier mit \u00dcberreichung eines Zertifikats bildete den Abschluss und H\u00f6hepunkt einer zweij\u00e4hrigen Ausbildung, der AKADEMIE F\u00dcR EHE UND FAMILIE.<!--more--><\/p>\n<p>\u201eDas Ziel der AKADEMIE F\u00dcR EHE UND FAMILIE ist die Ausbildung von Ehepaaren zu Ehe- und Familientrainern, die erfolgreich ihre eigene Ehe und Familie leben und andere Paare und Familien begleiten\u201c, so die Akademieleitung Maria-Theresia und Prof. Dr. Hubertus Brantzen, Pastoraltheologe in Mainz. Die Ausbildung orientiert sich am konkreten Leben. Die zentralen Bereiche von Ehe und Familie werden als Gesamtheit betrachtet, in der die religi\u00f6se Dimension eine wesentliche Rolle spielt. Methodentraining qualifiziert zu einer erfolgreichen Multiplikatorenarbeit.<\/p>\n<p>In seiner Predigt unterstrich der Kardinal, Schirmherr der Akademie: \u201eIch m\u00f6chte doch das Wort \u201eWunder\u201c gebrauchen, wenn hier neun Ehepaare und Familien in unserer heutigen Zeit eine solche Ausbildung absolvieren, um sich dann, wie wir in Ihren sehr beeindruckenden Lebenszeugnissen geh\u00f6rt haben, als bewusst christlich lebendes Ehepaar und Glaubenszeugen in der Kirche und in der Gesellschaft zu engagieren\u201c.<\/p>\n<p><strong>Die drei Absolventenehepaare aus dem Bistum Fulda sind:<\/strong><\/p>\n<p>(v.l.n.r.) Doroth\u00e9e und Thomas Bretz (Referent f\u00fcr Neuevangelisierung im Seelsorgeamt des Bisch\u00f6flichen Generalvikariats und Mitarbeiter in der Familienseelsorge des Bistums) aus Fulda, Susanne und Zlatko Mihajlov (hauptamtlicher Diakon und Beauftragter f\u00fcr Familienpastoral im Dekanat Fritzlar) aus Baunatal, Ramona und Benjamin Br\u00e4hler (Verantwortlich in der\u00c2\u00a0 Sch\u00f6nstattfamilienbewegung im Bistum Fulda) aus Eichenzell \u2013 Zillbach.<\/p>\n<p>Doroth\u00e9e Bretz: \u201eDie Akademie bot uns \u2013 gerade in unserer derzeitigen Lebenssituation mit drei kleinen Kindern &#8211; eine einzigartige M\u00f6glichkeit bewusst Zeit als Ehepaar in Gespr\u00e4ch, Gebet und auch Austausch mit anderen Paaren zu verbringen.\u201c \u201eMir wurde die Wirkm\u00e4chtigkeit des Ehesakraments f\u00fcrs allt\u00e4gliche Leben neu deutlich und ich freue mich darauf die erworbenen Kenntnisse, F\u00e4higkeiten und Erfahrungen bei meinem Dienst in der Di\u00f6zese einzubringen.\u201c res\u00fcmiert Thomas Bretz.<\/p>\n<p>Susanne Heinrich-Mihajlov und Zlatko Mihajlov: \u201eIn der Akademie durften wir die Spuren Gottes in unserer Ehe deutlich herausarbeiten und wir freuen uns darauf, andere Ehepaare dabei zu begleiten, Gottes Spuren in ihrer Ehe zu entdecken<\/p>\n","protected":false},"excerpt":{"rendered":"<div class=\"tmnf_excerpt\"><p>Fulda. Am Christk\u00f6nigsfest wurden im Rahmen einer Bischofsmesse durch Karl Kardinal Lehmann im Sch\u00f6nstattfamilienzentrum Weiskirchen, einer Tagungsst\u00e4tte im \u00c2\u00a0Bistum Mainz, neun Ehepaare als Ehe- und Familientrainer ausgesandt. Unter den Absolventen waren auch drei Ehepaare aus dem Bistum Fulda. Die Aussendungsfeier mit \u00dcberreichung eines Zertifikats bildete den Abschluss und H\u00f6hepunkt einer zweij\u00e4hrigen Ausbildung, der AKADEMIE F\u00dcR &hellip;<\/p>\n<\/div>","protected":false},"author":1,"featured_media":0,"comment_status":"closed","ping_status":"closed","sticky":false,"template":"","format":"standard","meta":{"footnotes":""},"categories":[1,50],"tags":[],"class_list":["post-104617","post","type-post","status-publish","format-standard","hentry","category-startseite","category-kirche"],"_links":{"self":[{"href":"https:\/\/www.fuldaernachrichten.de\/index.php?rest_route=\/wp\/v2\/posts\/104617","targetHints":{"allow":["GET"]}}],"collection":[{"href":"https:\/\/www.fuldaernachrichten.de\/index.php?rest_route=\/wp\/v2\/posts"}],"about":[{"href":"https:\/\/www.fuldaernachrichten.de\/index.php?rest_route=\/wp\/v2\/types\/post"}],"author":[{"embeddable":true,"href":"https:\/\/www.fuldaernachrichten.de\/index.php?rest_route=\/wp\/v2\/users\/1"}],"replies":[{"embeddable":true,"href":"https:\/\/www.fuldaernachrichten.de\/index.php?rest_route=%2Fwp%2Fv2%2Fcomments&post=104617"}],"version-history":[{"count":1,"href":"https:\/\/www.fuldaernachrichten.de\/index.php?rest_route=\/wp\/v2\/posts\/104617\/revisions"}],"predecessor-version":[{"id":104619,"href":"https:\/\/www.fuldaernachrichten.de\/index.php?rest_route=\/wp\/v2\/posts\/104617\/revisions\/104619"}],"wp:attachment":[{"href":"https:\/\/www.fuldaernachrichten.de\/index.php?rest_route=%2Fwp%2Fv2%2Fmedia&parent=104617"}],"wp:term":[{"taxonomy":"category","embeddable":true,"href":"https:\/\/www.fuldaernachrichten.de\/index.php?rest_route=%2Fwp%2Fv2%2Fcategories&post=104617"},{"taxonomy":"post_tag","embeddable":true,"href":"https:\/\/www.fuldaernachrichten.de\/index.php?rest_route=%2Fwp%2Fv2%2Ftags&post=104617"}],"curies":[{"name":"wp","href":"https:\/\/api.w.org\/{rel}","templated":true}]}}