{"id":104615,"date":"2012-12-02T11:08:14","date_gmt":"2012-12-02T11:08:14","guid":{"rendered":"http:\/\/www.fuldaer-nachrichten.de\/?p=104615"},"modified":"2012-12-02T11:08:14","modified_gmt":"2012-12-02T11:08:14","slug":"weihnachtskonzert-des-stadtischen-konzertchores-winfridia","status":"publish","type":"post","link":"https:\/\/www.fuldaernachrichten.de\/?p=104615","title":{"rendered":"Weihnachtskonzert des St\u00e4dtischen Konzertchores \u201eWinfridia\u201c"},"content":{"rendered":"<p><img decoding=\"async\" class=\"alignleft size-thumbnail wp-image-104616\" title=\"Stern von Bethlehem\" src=\"http:\/\/www.fuldaer-nachrichten.de\/wp-content\/uploads\/2012\/12\/Stern-von-Bethlehem-265x118.jpg\" alt=\"\" width=\"265\" height=\"118\" srcset=\"https:\/\/www.fuldaernachrichten.de\/wp-content\/uploads\/2012\/12\/Stern-von-Bethlehem-265x118.jpg 265w, https:\/\/www.fuldaernachrichten.de\/wp-content\/uploads\/2012\/12\/Stern-von-Bethlehem.jpg 600w\" sizes=\"(max-width: 265px) 100vw, 265px\" \/>Fulda. Der St\u00e4dtische Konzertchor Winfridia geht neue Wege und l\u00e4dt die ganze Familie zum Konzert ein. Am 30.12.2012 um 16 Uhr werden im Rahmen eines Familienweihnachtskonzertes in der Stadtpfarrkirche Fulda Joseph Gabriel Rheinbergers \u201eStern von Bethlehem&#8221; und \u00c2\u00a0John Stainers \u201eIn heil\u00e2\u20ac\u2122ger Nacht\u201c\u00c2\u00a0 unter der Leitung von Carsten Rupp aufgef\u00fchrt.<!--more--><\/p>\n<p>John Stainers \u201eIn heil\u00e2\u20ac\u2122ger Nacht\u201c geh\u00f6rt sicherlich zu den sch\u00f6nsten und stimmungsvollsten internationalen Weihnachtsliedern und erz\u00e4hlt in Strophen die Weihnachtsgeschichte. Die Weihnachtskantate \u201eDer Stern von Bethlehem\u201c dagegen geh\u00f6rt zu den bislang seltener gespielten, stimmungsvoll-feierlichen Festmusiken Rheinbergers und erklingt erstmalig vollst\u00e4ndig in Fulda. In volkst\u00fcmlicher Sprache wird der Bogen von der vorweihnachtlichen Erwartung auf die \u201eLichttr\u00f6stende Kunde\u201c \u00fcber die Hirten auf dem Feld, eine Betrachtung \u00fcber Bethlehem, den Stern, die Heiligen Drei K\u00f6nige und nicht zuletzt Marias pers\u00f6nliche Meditation \u00fcber das Geschehene zum kr\u00f6nenden Abschluss \u201eFrohlocke Welt\u201c gef\u00fchrt.<\/p>\n<p>Familienweihnachtskonzert \u2013 das bedeutet f\u00fcr den St\u00e4dtischen Konzertchor, klassische Musik der ganzen Familie zug\u00e4nglich zu machen. Im Konzert werden Kinder besonders angesprochen und in die jeweiligen Musikst\u00fccke eingef\u00fchrt, die gestaffelten Eintrittspreise sind so bemessen, dass es auch der ganzen Familie m\u00f6glich ist, das Konzert zu besuchen.Nicht zuletzt dauert das Konzert nur etwa 1 Stunde, um auch die J\u00fcngeren nicht zu \u00fcberfordern. Ein Familienweihnachtskonzert, um nach der turbulenten Vorweihnachtszeit und dem Weihnachtsfest noch einmal weihnachtliche Feststimmung zu genie\u00dfen und gemeinsam gute Musik auf hohem Niveau zu h\u00f6ren.<\/p>\n<p>Aber Familien sind nicht nur als H\u00f6rer eingeladen \u2013 auch im Chor und im Orchester musizieren ambitionierte Fuldaer Hobbymusiker und Orchesterprofis aus mehreren Familien gemeinsam. Die vokalen Solistenparts werden von Isabell Scheunert (Sopran), Maximilian Traut (Tenor), Klaus Janetzko, Stefan Euler und Christian Reith (Bariton) \u00fcbernommen.\u00c2\u00a0 Karten sind in der Stadt-Apotheke (0661 928030) in der Bahnhofstra\u00dfe 12 und per Email <a href=\"mailto:1.Vorsitzender@winfridia-fulda.de\">1.Vorsitzender@winfridia-fulda.de<\/a>\u00c2\u00a0sowie an der Abendkasse erh\u00e4ltlich.<\/p>\n<p>Hauptschiff 10,-\/ sonstige Pl\u00e4tze 8,-\/ Kinder auf allen Pl\u00e4tzen nur 5,- Euro\/ Kinder, die keinen eigenen Sitzplatz ben\u00f6tigen sind kostenfrei. ( <em>Daniel M. Handzel<\/em>)<\/p>\n","protected":false},"excerpt":{"rendered":"<div class=\"tmnf_excerpt\"><p>Fulda. Der St\u00e4dtische Konzertchor Winfridia geht neue Wege und l\u00e4dt die ganze Familie zum Konzert ein. Am 30.12.2012 um 16 Uhr werden im Rahmen eines Familienweihnachtskonzertes in der Stadtpfarrkirche Fulda Joseph Gabriel Rheinbergers \u201eStern von Bethlehem&#8221; und \u00c2\u00a0John Stainers \u201eIn heil\u00e2\u20ac\u2122ger Nacht\u201c\u00c2\u00a0 unter der Leitung von Carsten Rupp aufgef\u00fchrt.<\/p>\n<\/div>","protected":false},"author":1,"featured_media":0,"comment_status":"closed","ping_status":"closed","sticky":false,"template":"","format":"standard","meta":{"footnotes":""},"categories":[1,44],"tags":[],"class_list":["post-104615","post","type-post","status-publish","format-standard","hentry","category-startseite","category-kultur"],"_links":{"self":[{"href":"https:\/\/www.fuldaernachrichten.de\/index.php?rest_route=\/wp\/v2\/posts\/104615","targetHints":{"allow":["GET"]}}],"collection":[{"href":"https:\/\/www.fuldaernachrichten.de\/index.php?rest_route=\/wp\/v2\/posts"}],"about":[{"href":"https:\/\/www.fuldaernachrichten.de\/index.php?rest_route=\/wp\/v2\/types\/post"}],"author":[{"embeddable":true,"href":"https:\/\/www.fuldaernachrichten.de\/index.php?rest_route=\/wp\/v2\/users\/1"}],"replies":[{"embeddable":true,"href":"https:\/\/www.fuldaernachrichten.de\/index.php?rest_route=%2Fwp%2Fv2%2Fcomments&post=104615"}],"version-history":[{"count":0,"href":"https:\/\/www.fuldaernachrichten.de\/index.php?rest_route=\/wp\/v2\/posts\/104615\/revisions"}],"wp:attachment":[{"href":"https:\/\/www.fuldaernachrichten.de\/index.php?rest_route=%2Fwp%2Fv2%2Fmedia&parent=104615"}],"wp:term":[{"taxonomy":"category","embeddable":true,"href":"https:\/\/www.fuldaernachrichten.de\/index.php?rest_route=%2Fwp%2Fv2%2Fcategories&post=104615"},{"taxonomy":"post_tag","embeddable":true,"href":"https:\/\/www.fuldaernachrichten.de\/index.php?rest_route=%2Fwp%2Fv2%2Ftags&post=104615"}],"curies":[{"name":"wp","href":"https:\/\/api.w.org\/{rel}","templated":true}]}}