{"id":104609,"date":"2012-12-02T00:11:13","date_gmt":"2012-12-02T00:11:13","guid":{"rendered":"http:\/\/www.fuldaer-nachrichten.de\/?p=104609"},"modified":"2012-12-02T10:59:25","modified_gmt":"2012-12-02T10:59:25","slug":"adventsausstellung-und-weihnachtsmarkt-bei-der-uwag-kinderbuchautor-lambrecht-liest-bei-der-eroffnung-am-3-dezember","status":"publish","type":"post","link":"https:\/\/www.fuldaernachrichten.de\/?p=104609","title":{"rendered":"Adventsausstellung und Weihnachtsmarkt bei der \u00dcWAG &#8211; Kinderbuchautor Lambrecht liest bei der Er\u00f6ffnung am 3. Dezember"},"content":{"rendered":"<p>Auf weihnachtliche Atmosph\u00e4re mit geschm\u00fcckten St\u00e4nden regionaler Anbieter, eine Krippenausstellung und Holzschnitzarbeiten des Bildhauers Elmar Baumgarten k\u00f6nnen sich Besucher des \u00dcWAG-Weihnachtsmarktes freuen. Ab Montag, 3. Dezember 2012, l\u00e4dt der osthessische Energieversorger Gro\u00df und Klein ein, sich im Kundenzentrum in der Fuldaer Bahnhofstra\u00dfe auf das sch\u00f6nste Fest des Jahres einzustimmen.<!--more--><\/p>\n<p>Er\u00f6ffnet wird der Weihnachtsmarkt mit Krippenausstellung im \u00dcWAG-Kundenzentrum am Montag, 3. Dezember 2012, um 9:30 Uhr mit einer Lesung\u00c2\u00a0 von Wolfgang Lambrecht. Der Kinderbuchautor liest die Geschichte \u201eHerr Bombelmann und der au\u00dfergew\u00f6hnliche Schneemann\u201c.<\/p>\n<p>Den adventlichen Rahmen des \u00dcWAG-Weihnachtsmarktes bildet eine Krippenausstellung. Au\u00dferdem pr\u00e4sentieren regionale Anbieter der Dachmarke Rh\u00f6n sowie die CARISMA \u2013 die Werkstatt f\u00fcr psychisch kranke Menschen vom Caritasverband Fulda \u2013 an ihren geschm\u00fcckten Weihnachtsmarktst\u00e4nden heimische K\u00f6stlichkeiten und originelle Geschenkideen. Am Er\u00f6ffnungstag k\u00f6nnen Besucher an einer Verkostung regionaler Spezialit\u00e4ten teilnehmen.<\/p>\n<p>Die Filzfabrik Fulda ist ebenfalls im \u00dcWAG-Kundenzentrum mit einer Auswahl weihnachtlicher Artikel wie Sternen, Engeln oder Weihnachtsb\u00e4umen vertreten. Im Sortiment am Stand des Fuldaer St. Antoniusheims finden sich neben hochwertigen Holz- und Keramikarbeiten viele andere dekorative und praktische Produkte sowie Textilien. Die kreativen Artikel aus Naturmaterialien werden unter anderem im Kunsthandwerkerhaus des St. Antoniusheims, dem \u201eGestaltenWerk\u201c, hergestellt. Dar\u00fcber hinaus gibt es kunstvolle Holzschnitzarbeiten des Bildhauers Elmar Baumgarten zu sehen und zu kaufen.<\/p>\n<p>Der \u00dcWAG-Weihnachtsmarkt mit Krippenausstellung kann bis zum 7. Januar 2013 zu den gewohnten \u00d6ffnungszeiten des Kundenzentrums besucht werden (montags bis freitags von 09:00 bis 19:00 Uhr und samstags von 09:00 bis 13:00 Uhr).<\/p>\n","protected":false},"excerpt":{"rendered":"<div class=\"tmnf_excerpt\"><p>Auf weihnachtliche Atmosph\u00e4re mit geschm\u00fcckten St\u00e4nden regionaler Anbieter, eine Krippenausstellung und Holzschnitzarbeiten des Bildhauers Elmar Baumgarten k\u00f6nnen sich Besucher des \u00dcWAG-Weihnachtsmarktes freuen. Ab Montag, 3. Dezember 2012, l\u00e4dt der osthessische Energieversorger Gro\u00df und Klein ein, sich im Kundenzentrum in der Fuldaer Bahnhofstra\u00dfe auf das sch\u00f6nste Fest des Jahres einzustimmen.<\/p>\n<\/div>","protected":false},"author":1,"featured_media":0,"comment_status":"closed","ping_status":"closed","sticky":false,"template":"","format":"standard","meta":{"footnotes":""},"categories":[1,44],"tags":[],"class_list":["post-104609","post","type-post","status-publish","format-standard","hentry","category-startseite","category-kultur"],"_links":{"self":[{"href":"https:\/\/www.fuldaernachrichten.de\/index.php?rest_route=\/wp\/v2\/posts\/104609","targetHints":{"allow":["GET"]}}],"collection":[{"href":"https:\/\/www.fuldaernachrichten.de\/index.php?rest_route=\/wp\/v2\/posts"}],"about":[{"href":"https:\/\/www.fuldaernachrichten.de\/index.php?rest_route=\/wp\/v2\/types\/post"}],"author":[{"embeddable":true,"href":"https:\/\/www.fuldaernachrichten.de\/index.php?rest_route=\/wp\/v2\/users\/1"}],"replies":[{"embeddable":true,"href":"https:\/\/www.fuldaernachrichten.de\/index.php?rest_route=%2Fwp%2Fv2%2Fcomments&post=104609"}],"version-history":[{"count":1,"href":"https:\/\/www.fuldaernachrichten.de\/index.php?rest_route=\/wp\/v2\/posts\/104609\/revisions"}],"predecessor-version":[{"id":104610,"href":"https:\/\/www.fuldaernachrichten.de\/index.php?rest_route=\/wp\/v2\/posts\/104609\/revisions\/104610"}],"wp:attachment":[{"href":"https:\/\/www.fuldaernachrichten.de\/index.php?rest_route=%2Fwp%2Fv2%2Fmedia&parent=104609"}],"wp:term":[{"taxonomy":"category","embeddable":true,"href":"https:\/\/www.fuldaernachrichten.de\/index.php?rest_route=%2Fwp%2Fv2%2Fcategories&post=104609"},{"taxonomy":"post_tag","embeddable":true,"href":"https:\/\/www.fuldaernachrichten.de\/index.php?rest_route=%2Fwp%2Fv2%2Ftags&post=104609"}],"curies":[{"name":"wp","href":"https:\/\/api.w.org\/{rel}","templated":true}]}}