{"id":104605,"date":"2012-12-02T00:10:08","date_gmt":"2012-12-02T00:10:08","guid":{"rendered":"http:\/\/www.fuldaer-nachrichten.de\/?p=104605"},"modified":"2012-12-02T10:56:18","modified_gmt":"2012-12-02T10:56:18","slug":"kita-st-elisabeth-am-gallasiniring-entwickelte-sich-zum-familienzentrum","status":"publish","type":"post","link":"https:\/\/www.fuldaernachrichten.de\/?p=104605","title":{"rendered":"Kita St. Elisabeth am Gallasiniring entwickelte sich zum Familienzentrum"},"content":{"rendered":"<p><strong><img decoding=\"async\" class=\"alignleft size-thumbnail wp-image-104606\" title=\"Abschlusssitzung-AG-Familienzentrum-St.-Elisabeth_1112_IMG_3431\" src=\"http:\/\/www.fuldaer-nachrichten.de\/wp-content\/uploads\/2012\/12\/Abschlusssitzung-AG-Familienzentrum-St.-Elisabeth_1112_IMG_3431-265x176.jpg\" alt=\"\" width=\"265\" height=\"176\" srcset=\"https:\/\/www.fuldaernachrichten.de\/wp-content\/uploads\/2012\/12\/Abschlusssitzung-AG-Familienzentrum-St.-Elisabeth_1112_IMG_3431-265x176.jpg 265w, https:\/\/www.fuldaernachrichten.de\/wp-content\/uploads\/2012\/12\/Abschlusssitzung-AG-Familienzentrum-St.-Elisabeth_1112_IMG_3431.jpg 592w\" sizes=\"(max-width: 265px) 100vw, 265px\" \/>Fulda (cif). <\/strong>Eigentlich w\u00e4r es ein guter Grund gewesen mit Sekt anzusto\u00dfen \u2013 darin waren sich die Teilnehmer des letzten Arbeitstreffens \u201eProjekt Vernetzung der Kita St. Elisabeth im Sozialraum\u201c einig, denn durch der Beschluss der Arbeitsgruppe wurde aus dem Projekt\u00c2\u00a0 nun die Regel: Die Kita St. Elisabeth hat sich zu einem Familienzentrum als Anlauf- und Vermittlungsstelle f\u00fcr Beratung und Hilfe entwickelt. Die Arbeitsgruppe zur Entwicklung diese Familienzentrums hat damit ihre Aufgabe erf\u00fcllt.<!--more--><\/p>\n<p>Nachdem vor zwei Jahren Mitarbeiterinnen der Kita St. Elisabeth immer h\u00e4ufiger auf die prek\u00e4re Lebenssituation von in der Kita ein- und ausgehenden Familien aus Fuldas Ostend aufmerksam gemacht hatten und betonten, dass sie als Erziehungskr\u00e4fte nicht genau w\u00fcssten, wie man diesen Betroffenen konkrete soziale Hilfe zuteilwerden lassen k\u00f6nnte, trat die Arbeitsgruppe mit Vertretern der Kirchengemeinde, der Kindertagesst\u00e4tte, des Di\u00f6zesan-Caritasverbandes und der \u00f6rtlichen Caritas erstmals zusammen. Der damaligen Situationsanalyse nach spiegelt sich die soziale Situation des Viertels am Gallasiniring in den Betreuungsgruppen der Kita wider: Die hohe Bandbreite von 50 Nationalit\u00e4ten mit unterschiedlichen kulturellen und ethnischen Hintergr\u00fcnden verursacht Sprachbarrieren der Familien untereinander und in der Zusammenarbeit mit den Kita-Fachkr\u00e4ften. Nach Auskunft der Erzieherinnen gab es zunehmend die Nachfrage der Eltern bez\u00fcglich Hilfe in der allgemeinen Sozial- und Lebensberatung, in Rechtsfragen, aber auch bei der Alltagsbew\u00e4ltigung und Haushaltsorganisation.<\/p>\n<p>Mit der Idee, diese Hilfen in der Kita bereitzustellen beziehungsweise die Hilfen von dort aus zu vermitteln, war die Zielsetzung f\u00fcr das Projekt klar: Aus der reinen Kindertagesst\u00e4tte sollte eine Anlaufstelle f\u00fcr die ganzen Familien im Stadtviertel werden.<\/p>\n<p><strong><\/strong>Seitdem ist viel geschehen. Durch eine Mitarbeiterin des Caritasverbandes f\u00fcr die Regionen Fulda und Geisa\u00c2\u00a0 gibt es nun feste Ansprechzeiten f\u00fcr die Eltern, die in die Kita kommen und Beratungsbedarf haben. Sie k\u00f6nnen vor Ort direkt ihre Beratung erhalten, aber auch Hausbesuche sind m\u00f6glich, oder die Betroffenen werden in eine Fachberatung der Caritas weiter vermittelt.<\/p>\n<p>Seit einem Jahr k\u00f6nnen M\u00fctter von Kita-Kindern sowie andere Frauen aus dem Stadtviertel an einem Sprachkurs \u201eDeutsch f\u00fcr Ausl\u00e4nder\u201c teilnehmen. Das niederschwellige Angebot richtet sich vor allem an solche M\u00fctter, die auf Grund ihrer famili\u00e4ren Situation sonst kaum die M\u00f6glichkeit h\u00e4tten, au\u00dferhalb der eigenen vier W\u00e4nde und gemeinsam mit anderen Frauen Deutsch zu lernen. Die Kinderbetreuung w\u00e4hrend des Kurses ist von der Kita sicher gestellt, finanziert wird der Sprachkurs aus Mitteln der Caritas-Stiftung im Bistum Fulda. Das p\u00e4dagogische Team der Kita wurde zudem in Elternarbeit und Gespr\u00e4chsf\u00fchrung geschult, um gelassener und auch professioneller auch mit Konfliktsituationen umgehen zu k\u00f6nnen.<\/p>\n<p>Alle Angebote der Kita sind mit denen des gesamten Stadtteils abgestimmt. Noch nicht ganz zufrieden ist die Kirchengemeinde mit der Zahl der<\/p>\n<div>\n<p>ehrenamtlichen Mitarbeiter aus der Pfarrgemeinde, die sich aktiv beteiligen \u2013 zum Beispiel durch eine Patenschaft f\u00fcr ein Kind aus dem Kindergarten oder durch \u00dcbernahme einer Lotsenfunktion f\u00fcr eine Familie aus dem Stadtteil. Ungeachtet des Abschlusses der Projektphase gehen daher die Anstrengungen der Pfarrgemeinde weiter, Ehrenamtliche zu motivieren. Informationen zum Konzept des Familienzentrums St. Elisabeth und \u00fcber Einsatzm\u00f6glichkeiten von Freiwilligen erhalten Interessierte beim Caritas-Referenten Soziale Dienste, Franz J. Meyer, Tel. 0661 \/ 2428-130.<\/p>\n<\/div>\n","protected":false},"excerpt":{"rendered":"<div class=\"tmnf_excerpt\"><p>Fulda (cif). Eigentlich w\u00e4r es ein guter Grund gewesen mit Sekt anzusto\u00dfen \u2013 darin waren sich die Teilnehmer des letzten Arbeitstreffens \u201eProjekt Vernetzung der Kita St. Elisabeth im Sozialraum\u201c einig, denn durch der Beschluss der Arbeitsgruppe wurde aus dem Projekt\u00c2\u00a0 nun die Regel: Die Kita St. Elisabeth hat sich zu einem Familienzentrum als Anlauf- und &hellip;<\/p>\n<\/div>","protected":false},"author":1,"featured_media":0,"comment_status":"closed","ping_status":"closed","sticky":false,"template":"","format":"standard","meta":{"footnotes":""},"categories":[1,29],"tags":[],"class_list":["post-104605","post","type-post","status-publish","format-standard","hentry","category-startseite","category-politik"],"_links":{"self":[{"href":"https:\/\/www.fuldaernachrichten.de\/index.php?rest_route=\/wp\/v2\/posts\/104605","targetHints":{"allow":["GET"]}}],"collection":[{"href":"https:\/\/www.fuldaernachrichten.de\/index.php?rest_route=\/wp\/v2\/posts"}],"about":[{"href":"https:\/\/www.fuldaernachrichten.de\/index.php?rest_route=\/wp\/v2\/types\/post"}],"author":[{"embeddable":true,"href":"https:\/\/www.fuldaernachrichten.de\/index.php?rest_route=\/wp\/v2\/users\/1"}],"replies":[{"embeddable":true,"href":"https:\/\/www.fuldaernachrichten.de\/index.php?rest_route=%2Fwp%2Fv2%2Fcomments&post=104605"}],"version-history":[{"count":0,"href":"https:\/\/www.fuldaernachrichten.de\/index.php?rest_route=\/wp\/v2\/posts\/104605\/revisions"}],"wp:attachment":[{"href":"https:\/\/www.fuldaernachrichten.de\/index.php?rest_route=%2Fwp%2Fv2%2Fmedia&parent=104605"}],"wp:term":[{"taxonomy":"category","embeddable":true,"href":"https:\/\/www.fuldaernachrichten.de\/index.php?rest_route=%2Fwp%2Fv2%2Fcategories&post=104605"},{"taxonomy":"post_tag","embeddable":true,"href":"https:\/\/www.fuldaernachrichten.de\/index.php?rest_route=%2Fwp%2Fv2%2Ftags&post=104605"}],"curies":[{"name":"wp","href":"https:\/\/api.w.org\/{rel}","templated":true}]}}