{"id":104598,"date":"2012-12-01T00:14:50","date_gmt":"2012-12-01T00:14:50","guid":{"rendered":"http:\/\/www.fuldaer-nachrichten.de\/?p=104598"},"modified":"2012-11-30T17:53:40","modified_gmt":"2012-11-30T17:53:40","slug":"wunschbaum-fur-senioren-des-antoniusheims-im-modehaus-erna-schneider","status":"publish","type":"post","link":"https:\/\/www.fuldaernachrichten.de\/?p=104598","title":{"rendered":"Wunschbaum f\u00fcr Senioren des Antoniusheims im Modehaus Erna Schneider"},"content":{"rendered":"<p><img decoding=\"async\" class=\"alignleft size-thumbnail wp-image-104600\" title=\"IMG_6715\" src=\"http:\/\/www.fuldaer-nachrichten.de\/wp-content\/uploads\/2012\/11\/IMG_6715-265x176.jpg\" alt=\"\" width=\"265\" height=\"176\" srcset=\"https:\/\/www.fuldaernachrichten.de\/wp-content\/uploads\/2012\/11\/IMG_6715-265x176.jpg 265w, https:\/\/www.fuldaernachrichten.de\/wp-content\/uploads\/2012\/11\/IMG_6715.jpg 600w\" sizes=\"(max-width: 265px) 100vw, 265px\" \/>Fulda. Das Modehaus Erna Schneider f\u00fchrt seit Jahren eine tolle Aktion f\u00fcr das Antoniusheim durch: An einem Weihnachtsbaum h\u00e4ngen selbst gebastelte Weihnachtssterne der Senioren des Antoniusheims mit den ganz pers\u00f6nlichen W\u00fcnschen der Bewohner. In diesem Jahr stehen Handt\u00fccher, Schals, CDs und Malb\u00fccher ganz oben auf dem Wunschzettel. F\u00fcr die Gesch\u00e4ftsf\u00fchrerin des Modekaufhauses, Karin Ahrens, ist diese Aktion eine Herzensangelegenheit. \u201eAn \u00e4ltere Mitb\u00fcrger wird zur Weihnachtszeit weniger gedacht, als an Kinder. Gerade die \u00c4lteren sollten nicht im Abseits stehen\u201c, sagte Ahrens, w\u00e4hrend einige Bewohner stellvertretend f\u00fcr alle Senioren des Antoniusheims die Sterne an den Baum hingen. Bis zum 19. Dezember die Kunden jetzt w\u00e4hrend des weihnachtlichen Einkaufbummels einen der abnehmen und den Senioren mit der Erf\u00fcllung ihres Wunsches eine kleine Freude bereiten.<!--more--><\/p>\n<p><img decoding=\"async\" class=\"alignnone size-thumbnail wp-image-104599\" title=\"IMG_6703\" src=\"http:\/\/www.fuldaer-nachrichten.de\/wp-content\/uploads\/2012\/11\/IMG_6703-265x176.jpg\" alt=\"\" width=\"265\" height=\"176\" srcset=\"https:\/\/www.fuldaernachrichten.de\/wp-content\/uploads\/2012\/11\/IMG_6703-265x176.jpg 265w, https:\/\/www.fuldaernachrichten.de\/wp-content\/uploads\/2012\/11\/IMG_6703.jpg 600w\" sizes=\"(max-width: 265px) 100vw, 265px\" \/> <img decoding=\"async\" class=\"alignnone size-thumbnail wp-image-104601\" title=\"IMG_6678\" src=\"http:\/\/www.fuldaer-nachrichten.de\/wp-content\/uploads\/2012\/11\/IMG_6678-265x176.jpg\" alt=\"\" width=\"265\" height=\"176\" srcset=\"https:\/\/www.fuldaernachrichten.de\/wp-content\/uploads\/2012\/11\/IMG_6678-265x176.jpg 265w, https:\/\/www.fuldaernachrichten.de\/wp-content\/uploads\/2012\/11\/IMG_6678.jpg 600w\" sizes=\"(max-width: 265px) 100vw, 265px\" \/><\/p>\n","protected":false},"excerpt":{"rendered":"<div class=\"tmnf_excerpt\"><p>Fulda. Das Modehaus Erna Schneider f\u00fchrt seit Jahren eine tolle Aktion f\u00fcr das Antoniusheim durch: An einem Weihnachtsbaum h\u00e4ngen selbst gebastelte Weihnachtssterne der Senioren des Antoniusheims mit den ganz pers\u00f6nlichen W\u00fcnschen der Bewohner. In diesem Jahr stehen Handt\u00fccher, Schals, CDs und Malb\u00fccher ganz oben auf dem Wunschzettel. F\u00fcr die Gesch\u00e4ftsf\u00fchrerin des Modekaufhauses, Karin Ahrens, ist &hellip;<\/p>\n<\/div>","protected":false},"author":1,"featured_media":0,"comment_status":"closed","ping_status":"closed","sticky":false,"template":"","format":"standard","meta":{"footnotes":""},"categories":[1,29],"tags":[],"class_list":["post-104598","post","type-post","status-publish","format-standard","hentry","category-startseite","category-politik"],"_links":{"self":[{"href":"https:\/\/www.fuldaernachrichten.de\/index.php?rest_route=\/wp\/v2\/posts\/104598","targetHints":{"allow":["GET"]}}],"collection":[{"href":"https:\/\/www.fuldaernachrichten.de\/index.php?rest_route=\/wp\/v2\/posts"}],"about":[{"href":"https:\/\/www.fuldaernachrichten.de\/index.php?rest_route=\/wp\/v2\/types\/post"}],"author":[{"embeddable":true,"href":"https:\/\/www.fuldaernachrichten.de\/index.php?rest_route=\/wp\/v2\/users\/1"}],"replies":[{"embeddable":true,"href":"https:\/\/www.fuldaernachrichten.de\/index.php?rest_route=%2Fwp%2Fv2%2Fcomments&post=104598"}],"version-history":[{"count":0,"href":"https:\/\/www.fuldaernachrichten.de\/index.php?rest_route=\/wp\/v2\/posts\/104598\/revisions"}],"wp:attachment":[{"href":"https:\/\/www.fuldaernachrichten.de\/index.php?rest_route=%2Fwp%2Fv2%2Fmedia&parent=104598"}],"wp:term":[{"taxonomy":"category","embeddable":true,"href":"https:\/\/www.fuldaernachrichten.de\/index.php?rest_route=%2Fwp%2Fv2%2Fcategories&post=104598"},{"taxonomy":"post_tag","embeddable":true,"href":"https:\/\/www.fuldaernachrichten.de\/index.php?rest_route=%2Fwp%2Fv2%2Ftags&post=104598"}],"curies":[{"name":"wp","href":"https:\/\/api.w.org\/{rel}","templated":true}]}}