{"id":104549,"date":"2012-12-01T00:16:16","date_gmt":"2012-12-01T00:16:16","guid":{"rendered":"http:\/\/www.fuldaer-nachrichten.de\/?p=104549"},"modified":"2012-11-30T17:27:50","modified_gmt":"2012-11-30T17:27:50","slug":"sechs-neue-winterlinden-fur-die-deutsche-alleenstrase-im-biospharenreservat-rhon","status":"publish","type":"post","link":"https:\/\/www.fuldaernachrichten.de\/?p=104549","title":{"rendered":"Sechs neue Winterlinden f\u00fcr die Deutsche Alleenstra\u00dfe im Biosph\u00e4renreservat Rh\u00f6n"},"content":{"rendered":"<p><img decoding=\"async\" class=\"alignleft size-thumbnail wp-image-104551\" title=\"kal_pflanzaktion_deutsche Alleenstra\u00dfe\" src=\"http:\/\/www.fuldaer-nachrichten.de\/wp-content\/uploads\/2012\/11\/kal_pflanzaktion_deutsche-Alleenstra\u00dfe-265x183.jpg\" alt=\"\" width=\"265\" height=\"183\" \/>Rh\u00f6n. Im Rahmen der Aktion \u201eWir sind Wald\u201c wurden jetzt im Biosph\u00e4renreservat Rh\u00f6n entlang des Teils der \u201eDeutschen Alleenstra\u00dfe\u201c zwischen Ehrenberg und Gersfeld sechs Winterlinden angepflanzt. \u201eWir sind Wald\u201c ist eine Gemeinschaftsinitiative von \u201eTown &amp; Country Haus\u201c und EUROPARC Deutschland e.V., der Dachorganisation der deutschen Biosph\u00e4renreservate sowie National- und Naturparks.<!--more--><\/p>\n<p>\u201eWir haben vor einiger Zeit festgestellt, dass die touristische Beschilderung f\u00fcr den Teil der Deutschen Alleenstra\u00dfe, die durch das Biosph\u00e4renreservat Rh\u00f6n f\u00fchrt, in D\u00f6llbach endet und erst in Seiferts wieder beginnt. Das war ein Grund, uns zum einen um die neue Beschilderung im Bereich Wasserkuppe zu k\u00fcmmern, aber uns gleichzeitig auch an der Aktion \u201eWir sind Wald\u201c zu beteiligen. Mit der Pflanzung der sechs Winterlinden in den Gemarkungen Ehrenberg und Gersfeld setzen wir als Biosph\u00e4renreservat Rh\u00f6n ein Zeichen f\u00fcr die Wiederbelebung der Deutschen Alleenstra\u00dfe im Bereich Wasserkuppe und wollen damit unsere Einwohner und G\u00e4ste darauf aufmerksam machen, dass diese besondere Stra\u00dfe auch an der Wasserkuppe vorbeif\u00fchrt\u201c, sagt der Leiter der Hessischen Verwaltungsstelle des Biosph\u00e4renreservats Rh\u00f6n, Torsten Raab.<\/p>\n<p>Im Rahmen der Aktion \u201eWir sind Wald\u201c werden seit \u00fcber einem Jahr in den Nationalen Naturlandschaften Deutschlands B\u00e4ume gepflanzt \u2013 sowohl direkt im Wald als auch auf Streuobstwiesen oder wie jetzt im Biosph\u00e4renreservat Rh\u00f6n entlang einer Baumallee. \u201eWenn H\u00e4user gebaut werden, ist das immer mit Auswirkungen verbunden, was die regionale und globale \u00d6kobilanz betrifft. Mit unserem Sponsoring wollen wir dazu beitragen, das ein St\u00fcck weit zu kompensieren\u201c, meint Uwe Krell von Town &amp; Country Haus. Das Unternehmen, das Massivh\u00e4user baut, arbeitet bundesweit mit regionalen Betrieben zusammen. \u201eDeshalb unterst\u00fctzen wir auch solche regionalen Projekte wie die Baumpflanzung entlang der Lindenallee zwischen Gersfeld und W\u00fcstensachsen.\u201c<\/p>\n<p>Jean-Michael Robert von der Deutschen Alleenstra\u00dfe e.V. bedankt sich bei den Sponsoren EUROPARC Deutschland e.V. und Town &amp; Country Haus sowie den Kommunen Ehrenberg und Gersfeld f\u00fcr die Baumpflanzaktion im UNESCO-Biosph\u00e4renreservat Rh\u00f6n. Die Deutsche Alleenstra\u00dfe f\u00fchre auf 2.900 Kilometern von Putbus auf der Insel R\u00fcgen bis zur Insel Reichenau, der \u201eKlosterinsel\u201c im Bodensee. Baum-Alleen seien ein einzigartiges Natur- und Kulturgut, erl\u00e4utert er. Bereits kurz nach der deutschen Wiedervereinigung hatten sich Alleensch\u00fctzer in ganz Deutschland aufgemacht, um ein \u201egr\u00fcnes Band von B\u00e4umen\u201c durch Deutschland zu kn\u00fcpfen. Die Deutsche Alleenstra\u00dfe wird vom ADAC und der Schutzgemeinschaft Deutscher Wald getragen. Mehr Informationen gibt es auch auf der Internetseite des Vereins unter www.alleenstrasse.com.<\/p>\n<p>Zum Foto: Pflanzten gemeinsam sechs Winterlinden entlang der Deutschen Alleenstra\u00dfe in den Gemarkungen Ehrenberg und Gersfeld: Dirk Kopf (links) und Christoph Roth (4.v.l.) von der Kopf Gartenbau GmbH &amp; Co. KG in Ehrenberg-W\u00fcstensachsen, Uwe Krell von Town &amp; Country Haus, Jean-Michael Robert von der Deutschen Alleenstra\u00dfe, Gersfelds B\u00fcrgermeister Peter Wolff, die Gesch\u00e4ftsf\u00fchrerin der Rh\u00f6ner Apfelinitiative Astrid Sch\u00e4fer, Ehrenbergs B\u00fcrgermeister Thomas Schreiner und der Leiter der Hessischen Verwaltungsstelle des Biosph\u00e4renreservats Rh\u00f6n Torsten Raab.\u00c2\u00a0\u00c2\u00a0 \/\u00c2\u00a0 Foto: Carsten Kallenbach<\/p>\n","protected":false},"excerpt":{"rendered":"<div class=\"tmnf_excerpt\"><p>Rh\u00f6n. Im Rahmen der Aktion \u201eWir sind Wald\u201c wurden jetzt im Biosph\u00e4renreservat Rh\u00f6n entlang des Teils der \u201eDeutschen Alleenstra\u00dfe\u201c zwischen Ehrenberg und Gersfeld sechs Winterlinden angepflanzt. \u201eWir sind Wald\u201c ist eine Gemeinschaftsinitiative von \u201eTown &amp; Country Haus\u201c und EUROPARC Deutschland e.V., der Dachorganisation der deutschen Biosph\u00e4renreservate sowie National- und Naturparks.<\/p>\n<\/div>","protected":false},"author":1,"featured_media":0,"comment_status":"closed","ping_status":"closed","sticky":false,"template":"","format":"standard","meta":{"footnotes":""},"categories":[1,52],"tags":[],"class_list":["post-104549","post","type-post","status-publish","format-standard","hentry","category-startseite","category-umwelt"],"_links":{"self":[{"href":"https:\/\/www.fuldaernachrichten.de\/index.php?rest_route=\/wp\/v2\/posts\/104549","targetHints":{"allow":["GET"]}}],"collection":[{"href":"https:\/\/www.fuldaernachrichten.de\/index.php?rest_route=\/wp\/v2\/posts"}],"about":[{"href":"https:\/\/www.fuldaernachrichten.de\/index.php?rest_route=\/wp\/v2\/types\/post"}],"author":[{"embeddable":true,"href":"https:\/\/www.fuldaernachrichten.de\/index.php?rest_route=\/wp\/v2\/users\/1"}],"replies":[{"embeddable":true,"href":"https:\/\/www.fuldaernachrichten.de\/index.php?rest_route=%2Fwp%2Fv2%2Fcomments&post=104549"}],"version-history":[{"count":0,"href":"https:\/\/www.fuldaernachrichten.de\/index.php?rest_route=\/wp\/v2\/posts\/104549\/revisions"}],"wp:attachment":[{"href":"https:\/\/www.fuldaernachrichten.de\/index.php?rest_route=%2Fwp%2Fv2%2Fmedia&parent=104549"}],"wp:term":[{"taxonomy":"category","embeddable":true,"href":"https:\/\/www.fuldaernachrichten.de\/index.php?rest_route=%2Fwp%2Fv2%2Fcategories&post=104549"},{"taxonomy":"post_tag","embeddable":true,"href":"https:\/\/www.fuldaernachrichten.de\/index.php?rest_route=%2Fwp%2Fv2%2Ftags&post=104549"}],"curies":[{"name":"wp","href":"https:\/\/api.w.org\/{rel}","templated":true}]}}