{"id":104547,"date":"2012-12-01T00:13:37","date_gmt":"2012-12-01T00:13:37","guid":{"rendered":"http:\/\/www.fuldaer-nachrichten.de\/?p=104547"},"modified":"2012-11-30T17:24:49","modified_gmt":"2012-11-30T17:24:49","slug":"16-priesteramtskandidaten-lernen-die-arbeit-in-caritas-einrichtungen-kennen","status":"publish","type":"post","link":"https:\/\/www.fuldaernachrichten.de\/?p=104547","title":{"rendered":"16 Priesteramtskandidaten lernen die Arbeit  in Caritas-Einrichtungen kennen"},"content":{"rendered":"<p><strong><img decoding=\"async\" class=\"alignleft size-thumbnail wp-image-104548\" title=\"Diakone_1112_20121030_180546\" src=\"http:\/\/www.fuldaer-nachrichten.de\/wp-content\/uploads\/2012\/11\/Diakone_1112_20121030_180546-265x167.jpg\" alt=\"\" width=\"265\" height=\"167\" srcset=\"https:\/\/www.fuldaernachrichten.de\/wp-content\/uploads\/2012\/11\/Diakone_1112_20121030_180546-265x167.jpg 265w, https:\/\/www.fuldaernachrichten.de\/wp-content\/uploads\/2012\/11\/Diakone_1112_20121030_180546.jpg 600w\" sizes=\"(max-width: 265px) 100vw, 265px\" \/>Fulda (cif). <\/strong>Insgesamt \u00c2\u00a016 Diakone aus den f\u00fcnf (Erz-)Di\u00f6zesen Berlin, Dresden-Mei\u00dfen, Erfurt, Fulda und Paderborn hospitierten k\u00fcrzlich gemeinsam in Einrichtungen der Caritas im Bistum Fulda. Die Hospitationstage in den Caritas-Einrichtungen sind fester Bestandteil des Pastoralkurses der Kandidaten zur Vorbereitung auf die Priesterweihe.<!--more--><\/p>\n<p>Dabei sind die Leiter der Einrichtungen beispielsweise der Altenhilfe, der Sozialen Dienste und Beratungen oder der Behindertenhilfe sehr erfreut und dankbar, dass die Einbeziehung von Aspekten der Caritas-Arbeit\u00c2\u00a0 in die Ausbildung zum Priester integriert ist. Di\u00f6zesan-Caritasdirektor Dr. Markus Juch, der die Priesteramtskandidaten an ihrem ersten \u201eCaritas-Tag\u201c offiziell begr\u00fc\u00dfte,\u00c2\u00a0 unterstrich diesbez\u00fcglich, wie wichtig ihm die feste Verbindung und Zusammenarbeit der lokalen Caritas-Institutionen mit den Gemeinden vor Ort ist: \u201eWir sind mit unseren Einrichtungen fest in den St\u00e4dten und D\u00f6rfern eingebunden und sind somit auch fester Bestandteil der Kirchengemeinden am Ort Diese Verbundenheit sollten wir beiderseits und jederzeit zum Wohle der hilfebed\u00fcrftigen Menschen nutzen!\u201c<\/p>\n<p>Die Diakone bekamen in den drei Exkursionstagen einen Einblick in die jeweiligen Einrichtungen, die nach ihren Interessensschwerpunkten w\u00e4hrend des Diakonatsjahres ausgew\u00e4hlt worden waren. Im Kontakt mit Klienten und Mitarbeitern der besuchten Institutionen konnten sie umfassende Informationen \u00fcber Arbeitsweisen, Rahmenbedingungen und Grundlagen der Caritas-Arbeit im jeweiligen T\u00e4tigkeitsfeld erhalten.<\/p>\n<p>In diesem Jahr waren neben der Altenhilfe besonders die Einrichtungen der Wohnungslosenhilfe im Fokus des Interesses. Dies zeige, so Caritasdirektor Juch, dass Kirchengemeinden mit ihren pastoralen Mitarbeitern Wohnungslosigkeit und Armut nicht nur als Ph\u00e4nomen an der Pfarrhaust\u00fcr erlebten, sondern vielerorts schon als wichtige Akteure und Partner in das Hilfenetz der Kommunen eingebunden seien. Die vier eigenen sozialraumorientierten Caritas-Projekte im Bistum, allesamt gemeinsam mit den Kirchengemeinden vor Ort initiiert, best\u00e4tigten diese Erfahrungen.<\/p>\n","protected":false},"excerpt":{"rendered":"<div class=\"tmnf_excerpt\"><p>Fulda (cif). Insgesamt \u00c2\u00a016 Diakone aus den f\u00fcnf (Erz-)Di\u00f6zesen Berlin, Dresden-Mei\u00dfen, Erfurt, Fulda und Paderborn hospitierten k\u00fcrzlich gemeinsam in Einrichtungen der Caritas im Bistum Fulda. Die Hospitationstage in den Caritas-Einrichtungen sind fester Bestandteil des Pastoralkurses der Kandidaten zur Vorbereitung auf die Priesterweihe.<\/p>\n<\/div>","protected":false},"author":1,"featured_media":0,"comment_status":"closed","ping_status":"closed","sticky":false,"template":"","format":"standard","meta":{"footnotes":""},"categories":[1,50],"tags":[],"class_list":["post-104547","post","type-post","status-publish","format-standard","hentry","category-startseite","category-kirche"],"_links":{"self":[{"href":"https:\/\/www.fuldaernachrichten.de\/index.php?rest_route=\/wp\/v2\/posts\/104547","targetHints":{"allow":["GET"]}}],"collection":[{"href":"https:\/\/www.fuldaernachrichten.de\/index.php?rest_route=\/wp\/v2\/posts"}],"about":[{"href":"https:\/\/www.fuldaernachrichten.de\/index.php?rest_route=\/wp\/v2\/types\/post"}],"author":[{"embeddable":true,"href":"https:\/\/www.fuldaernachrichten.de\/index.php?rest_route=\/wp\/v2\/users\/1"}],"replies":[{"embeddable":true,"href":"https:\/\/www.fuldaernachrichten.de\/index.php?rest_route=%2Fwp%2Fv2%2Fcomments&post=104547"}],"version-history":[{"count":0,"href":"https:\/\/www.fuldaernachrichten.de\/index.php?rest_route=\/wp\/v2\/posts\/104547\/revisions"}],"wp:attachment":[{"href":"https:\/\/www.fuldaernachrichten.de\/index.php?rest_route=%2Fwp%2Fv2%2Fmedia&parent=104547"}],"wp:term":[{"taxonomy":"category","embeddable":true,"href":"https:\/\/www.fuldaernachrichten.de\/index.php?rest_route=%2Fwp%2Fv2%2Fcategories&post=104547"},{"taxonomy":"post_tag","embeddable":true,"href":"https:\/\/www.fuldaernachrichten.de\/index.php?rest_route=%2Fwp%2Fv2%2Ftags&post=104547"}],"curies":[{"name":"wp","href":"https:\/\/api.w.org\/{rel}","templated":true}]}}