{"id":104545,"date":"2012-12-01T00:11:26","date_gmt":"2012-12-01T00:11:26","guid":{"rendered":"http:\/\/www.fuldaer-nachrichten.de\/?p=104545"},"modified":"2012-11-30T17:23:19","modified_gmt":"2012-11-30T17:23:19","slug":"neue-bastelsendung-im-fuldakanal","status":"publish","type":"post","link":"https:\/\/www.fuldaernachrichten.de\/?p=104545","title":{"rendered":"Neue Bastelsendung im Fuldakanal"},"content":{"rendered":"<p><img decoding=\"async\" class=\"alignleft size-thumbnail wp-image-104546\" title=\"Bastelsendung-OK-Fulda\" src=\"http:\/\/www.fuldaer-nachrichten.de\/wp-content\/uploads\/2012\/11\/Bastelsendung-OK-Fulda-265x176.jpg\" alt=\"\" width=\"265\" height=\"176\" srcset=\"https:\/\/www.fuldaernachrichten.de\/wp-content\/uploads\/2012\/11\/Bastelsendung-OK-Fulda-265x176.jpg 265w, https:\/\/www.fuldaernachrichten.de\/wp-content\/uploads\/2012\/11\/Bastelsendung-OK-Fulda.jpg 600w\" sizes=\"(max-width: 265px) 100vw, 265px\" \/>Fulda. An den kommenden drei Donnerstagen in der Adventszeit wird im Offenen Kanal Fulda je eine kurze Bastelanleitung unter dem Titel, \u201eWir basteln&#8230;\u201c, gezeigt. Claudia Fischer erkl\u00e4rt anschaulich, wie mit einfachen Mitteln sch\u00f6ne Dinge f\u00fcr die weihnachtliche Dekoration hergestellt werden k\u00f6nnen und gibt Anregungen und Tipps f\u00fcr ein gutes Gelingen. Am 06. Dezember um 20:11 Uhr beginnt die erste Sendung der Reihe, die folgenden Sendezeiten entnehmen Sie bitte dem Programm des Offenen Kanal Fulda auf www.mok-fulda.de.<\/p>\n","protected":false},"excerpt":{"rendered":"<div class=\"tmnf_excerpt\"><p>Fulda. An den kommenden drei Donnerstagen in der Adventszeit wird im Offenen Kanal Fulda je eine kurze Bastelanleitung unter dem Titel, \u201eWir basteln&#8230;\u201c, gezeigt. Claudia Fischer erkl\u00e4rt anschaulich, wie mit einfachen Mitteln sch\u00f6ne Dinge f\u00fcr die weihnachtliche Dekoration hergestellt werden k\u00f6nnen und gibt Anregungen und Tipps f\u00fcr ein gutes Gelingen. Am 06. Dezember um 20:11 &hellip;<\/p>\n<\/div>","protected":false},"author":1,"featured_media":0,"comment_status":"closed","ping_status":"closed","sticky":false,"template":"","format":"standard","meta":{"footnotes":""},"categories":[1,44],"tags":[],"class_list":["post-104545","post","type-post","status-publish","format-standard","hentry","category-startseite","category-kultur"],"_links":{"self":[{"href":"https:\/\/www.fuldaernachrichten.de\/index.php?rest_route=\/wp\/v2\/posts\/104545","targetHints":{"allow":["GET"]}}],"collection":[{"href":"https:\/\/www.fuldaernachrichten.de\/index.php?rest_route=\/wp\/v2\/posts"}],"about":[{"href":"https:\/\/www.fuldaernachrichten.de\/index.php?rest_route=\/wp\/v2\/types\/post"}],"author":[{"embeddable":true,"href":"https:\/\/www.fuldaernachrichten.de\/index.php?rest_route=\/wp\/v2\/users\/1"}],"replies":[{"embeddable":true,"href":"https:\/\/www.fuldaernachrichten.de\/index.php?rest_route=%2Fwp%2Fv2%2Fcomments&post=104545"}],"version-history":[{"count":0,"href":"https:\/\/www.fuldaernachrichten.de\/index.php?rest_route=\/wp\/v2\/posts\/104545\/revisions"}],"wp:attachment":[{"href":"https:\/\/www.fuldaernachrichten.de\/index.php?rest_route=%2Fwp%2Fv2%2Fmedia&parent=104545"}],"wp:term":[{"taxonomy":"category","embeddable":true,"href":"https:\/\/www.fuldaernachrichten.de\/index.php?rest_route=%2Fwp%2Fv2%2Fcategories&post=104545"},{"taxonomy":"post_tag","embeddable":true,"href":"https:\/\/www.fuldaernachrichten.de\/index.php?rest_route=%2Fwp%2Fv2%2Ftags&post=104545"}],"curies":[{"name":"wp","href":"https:\/\/api.w.org\/{rel}","templated":true}]}}