{"id":104542,"date":"2012-12-01T00:10:20","date_gmt":"2012-12-01T00:10:20","guid":{"rendered":"http:\/\/www.fuldaer-nachrichten.de\/?p=104542"},"modified":"2012-11-30T17:22:13","modified_gmt":"2012-11-30T17:22:13","slug":"uwag-erhalt-erneut-anerkanntes-okostrom-label","status":"publish","type":"post","link":"https:\/\/www.fuldaernachrichten.de\/?p=104542","title":{"rendered":"\u00dcWAG erh\u00e4lt erneut anerkanntes \u00d6kostrom-Label"},"content":{"rendered":"<p>Fulda. Das GSL Gr\u00fcner Strom Label Gold, das von sieben gemeinn\u00fctzigen Umwelt- und Verbraucherschutzverb\u00e4nden sowie Friedensinitiativen getragen wird, kennzeichnet \u00d6kostromprodukte mit hohem Umweltnutzen. Die \u00dcWAG darf dieses Label nun erneut bis 2014 unter anderem f\u00fcr ihr Produkt \u00dcWAG \u00d6ko GSL Gold verwenden. <!--more--><\/p>\n<p>Nur nachweislich zu 100 Prozent regenerativ erzeugter \u00d6kostrom darf mit dem \u201eGr\u00fcner Strom Label Gold\u201c gekennzeichnet werden. Zentrales Kriterium ist au\u00dferdem, dass die Stromanbieter mit einem festen Betrag je verkaufter Kilowattstunde den Ausbau erneuerbarer Energien f\u00f6rdern. \u201eJeder, der GSL-\u00d6kostrom bezieht, tr\u00e4gt aktiv zum Gelingen der Energiewende bei und entlastet Umwelt und Klima\u201c, erkl\u00e4rt \u00dcWAG-Bereichsleiter Dr. J\u00fcrgen Elsing. Der GSL-Tarif ist bei der \u00dcWAG dabei sowohl f\u00fcr umweltbewusste Privat- als auch f\u00fcr Gesch\u00e4ftskunden sowie Kommunen und Verb\u00e4nde verf\u00fcgbar.<\/p>\n<p>Das Gr\u00fcner Strom Label ist das \u00e4lteste G\u00fctesiegel f\u00fcr \u00d6kostrom in Deutschland und wird von anerkannten, gemeinn\u00fctzigen Umweltverb\u00e4nden sowie Verbraucher- und Friedensinitiativen getragen. Erst im Juli 2012 zeichnete die Zeitschrift \u00d6ko-Test das Gr\u00fcner Strom Label Gold als einziges G\u00fctesiegel f\u00fcr \u00d6kostrom mit der h\u00f6chsten Bewertung \u201eempfehlenswert\u201c aus.<\/p>\n<p>Tr\u00e4ger von Gr\u00fcner Strom Label e.V. sind der Bund f\u00fcr Umwelt- und Naturschutz (BUND), EUROSOLAR &#8211; Europ\u00e4ische Vereinigung f\u00fcr Erneuerbare Energien, der Naturschutzbund Deutschland (NABU), der Deutsche Naturschutzring (DNR), Die Verbraucher Initiative e.V., IPPNW Deutschland &#8211; Internationale \u00c4rzte f\u00fcr die Verh\u00fctung des Atomkrieges\/\u00c4rzte in sozialer Verantwortung e.V. sowie die \u201eNaturwissenschaftlerInnen-Initiative &#8211; Verantwortung f\u00fcr Frieden und Zukunftsf\u00e4higkeit\u201c.<\/p>\n","protected":false},"excerpt":{"rendered":"<div class=\"tmnf_excerpt\"><p>Fulda. Das GSL Gr\u00fcner Strom Label Gold, das von sieben gemeinn\u00fctzigen Umwelt- und Verbraucherschutzverb\u00e4nden sowie Friedensinitiativen getragen wird, kennzeichnet \u00d6kostromprodukte mit hohem Umweltnutzen. Die \u00dcWAG darf dieses Label nun erneut bis 2014 unter anderem f\u00fcr ihr Produkt \u00dcWAG \u00d6ko GSL Gold verwenden.<\/p>\n<\/div>","protected":false},"author":1,"featured_media":0,"comment_status":"closed","ping_status":"closed","sticky":false,"template":"","format":"standard","meta":{"footnotes":""},"categories":[1,29],"tags":[],"class_list":["post-104542","post","type-post","status-publish","format-standard","hentry","category-startseite","category-politik"],"_links":{"self":[{"href":"https:\/\/www.fuldaernachrichten.de\/index.php?rest_route=\/wp\/v2\/posts\/104542","targetHints":{"allow":["GET"]}}],"collection":[{"href":"https:\/\/www.fuldaernachrichten.de\/index.php?rest_route=\/wp\/v2\/posts"}],"about":[{"href":"https:\/\/www.fuldaernachrichten.de\/index.php?rest_route=\/wp\/v2\/types\/post"}],"author":[{"embeddable":true,"href":"https:\/\/www.fuldaernachrichten.de\/index.php?rest_route=\/wp\/v2\/users\/1"}],"replies":[{"embeddable":true,"href":"https:\/\/www.fuldaernachrichten.de\/index.php?rest_route=%2Fwp%2Fv2%2Fcomments&post=104542"}],"version-history":[{"count":0,"href":"https:\/\/www.fuldaernachrichten.de\/index.php?rest_route=\/wp\/v2\/posts\/104542\/revisions"}],"wp:attachment":[{"href":"https:\/\/www.fuldaernachrichten.de\/index.php?rest_route=%2Fwp%2Fv2%2Fmedia&parent=104542"}],"wp:term":[{"taxonomy":"category","embeddable":true,"href":"https:\/\/www.fuldaernachrichten.de\/index.php?rest_route=%2Fwp%2Fv2%2Fcategories&post=104542"},{"taxonomy":"post_tag","embeddable":true,"href":"https:\/\/www.fuldaernachrichten.de\/index.php?rest_route=%2Fwp%2Fv2%2Ftags&post=104542"}],"curies":[{"name":"wp","href":"https:\/\/api.w.org\/{rel}","templated":true}]}}