{"id":104525,"date":"2012-11-30T00:12:30","date_gmt":"2012-11-30T00:12:30","guid":{"rendered":"http:\/\/www.fuldaer-nachrichten.de\/?p=104525"},"modified":"2012-11-30T11:02:11","modified_gmt":"2012-11-30T11:02:11","slug":"grose-resonanz-beim-ersten-gesundheitstag-in-der-vogelsberg-kreisverwaltung","status":"publish","type":"post","link":"https:\/\/www.fuldaernachrichten.de\/?p=104525","title":{"rendered":"Gro\u00dfe Resonanz beim ersten Gesundheitstag in der Vogelsberg-Kreisverwaltung"},"content":{"rendered":"<p><img decoding=\"async\" class=\"alignleft size-thumbnail wp-image-104526\" title=\"att6db58\" src=\"http:\/\/www.fuldaer-nachrichten.de\/wp-content\/uploads\/2012\/11\/att6db58-265x157.jpg\" alt=\"\" width=\"265\" height=\"157\" srcset=\"https:\/\/www.fuldaernachrichten.de\/wp-content\/uploads\/2012\/11\/att6db58-265x157.jpg 265w, https:\/\/www.fuldaernachrichten.de\/wp-content\/uploads\/2012\/11\/att6db58.jpg 512w\" sizes=\"(max-width: 265px) 100vw, 265px\" \/>Vogelsbergkreis. Ein Dutzend Info- und Mitmachst\u00e4nde in mehreren Foyers machten f\u00fcr einen Tag das Kreishaus zu einer Messehalle. Der Arbeitsschutzausschuss der Verwaltung wollte das Thema Gesundheits-Pr\u00e4vention f\u00fcr alle Kolleginnen und Kollegen zum Anfassen pr\u00e4sentieren. Und das Experiment ist gegl\u00fcckt &#8211; der erste Gesundheitstag im Landratsamt wurde ein voller Erfolg. Die Resonanz war sehr gro\u00df.<!--more--><\/p>\n<p>Dar\u00fcber freut sich Landrat Manfred G\u00f6rig, der den Pr\u00e4ventionstag nicht nur er\u00f6ffnete, sondern gleich im Anschluss alle Stationen besuchte und dort auch aktiv mitmachte. \u201eGesundheit ist mehr als die Abwesenheit von Krankheit\u201c, zitierte der Landrat den Philosophen Artur Schopenhauer.<\/p>\n<p>Landrat G\u00f6rig dankte den Akteuren im Arbeitsausschuss und der Betriebssportgruppe, dem Personalrat, der Schwerbehindertenvertretung, dem Eingliederungsmanagement der Verwaltung und besonders den Ausstellern, die mit pfiffigen Ideen das Thema Gesundheitsvorsorge von der Theorie in die anfassbare Praxis holten. Die AOK, die Unfallkasse, der Pflegest\u00fctzpunkt, die Barmer GEK, das Therapiezentrum Pusteblume, das Deutsche Rote Kreuz, das Kreiskrankenhaus, das Gesundheitsamt, der Jugendzahn\u00e4rztliche Dienst und Gesundheitsberatung Gies waren mit Mitmach-Stationen aktiv und machten das Kreishaus auf drei Etagen zu einem bunten Marktplatz.<\/p>\n<p><img fetchpriority=\"high\" decoding=\"async\" class=\"alignleft size-thumbnail wp-image-104527\" title=\"LandratBalance\" src=\"http:\/\/www.fuldaer-nachrichten.de\/wp-content\/uploads\/2012\/11\/LandratBalance-265x246.jpg\" alt=\"\" width=\"265\" height=\"246\" srcset=\"https:\/\/www.fuldaernachrichten.de\/wp-content\/uploads\/2012\/11\/LandratBalance-265x246.jpg 265w, https:\/\/www.fuldaernachrichten.de\/wp-content\/uploads\/2012\/11\/LandratBalance.jpg 600w\" sizes=\"(max-width: 265px) 100vw, 265px\" \/>\u201eGesundheitsvorsorge, Erhaltung von Gesundheit, Abbau von Gesundheitsrisiken werden immer wichtiger\u201c, betonte Landrat G\u00f6rig. Gesundheit sei nicht nur Privatsache, sondern auch eine gesellschaftspolitische Aufgabe. Und in diese umfassende Aufgabe geh\u00f6re die Selbstverantwortung jedes Einzelnen. Als Landrat sei ihm die aktive Gesundheitsf\u00f6rderung der knapp 800 Besch\u00e4ftigten in der Kreisverwaltung ein wichtiges Anliegen.<\/p>\n","protected":false},"excerpt":{"rendered":"<div class=\"tmnf_excerpt\"><p>Vogelsbergkreis. Ein Dutzend Info- und Mitmachst\u00e4nde in mehreren Foyers machten f\u00fcr einen Tag das Kreishaus zu einer Messehalle. Der Arbeitsschutzausschuss der Verwaltung wollte das Thema Gesundheits-Pr\u00e4vention f\u00fcr alle Kolleginnen und Kollegen zum Anfassen pr\u00e4sentieren. Und das Experiment ist gegl\u00fcckt &#8211; der erste Gesundheitstag im Landratsamt wurde ein voller Erfolg. Die Resonanz war sehr gro\u00df.<\/p>\n<\/div>","protected":false},"author":1,"featured_media":0,"comment_status":"closed","ping_status":"closed","sticky":false,"template":"","format":"standard","meta":{"footnotes":""},"categories":[1,51],"tags":[],"class_list":["post-104525","post","type-post","status-publish","format-standard","hentry","category-startseite","category-medizin"],"_links":{"self":[{"href":"https:\/\/www.fuldaernachrichten.de\/index.php?rest_route=\/wp\/v2\/posts\/104525","targetHints":{"allow":["GET"]}}],"collection":[{"href":"https:\/\/www.fuldaernachrichten.de\/index.php?rest_route=\/wp\/v2\/posts"}],"about":[{"href":"https:\/\/www.fuldaernachrichten.de\/index.php?rest_route=\/wp\/v2\/types\/post"}],"author":[{"embeddable":true,"href":"https:\/\/www.fuldaernachrichten.de\/index.php?rest_route=\/wp\/v2\/users\/1"}],"replies":[{"embeddable":true,"href":"https:\/\/www.fuldaernachrichten.de\/index.php?rest_route=%2Fwp%2Fv2%2Fcomments&post=104525"}],"version-history":[{"count":0,"href":"https:\/\/www.fuldaernachrichten.de\/index.php?rest_route=\/wp\/v2\/posts\/104525\/revisions"}],"wp:attachment":[{"href":"https:\/\/www.fuldaernachrichten.de\/index.php?rest_route=%2Fwp%2Fv2%2Fmedia&parent=104525"}],"wp:term":[{"taxonomy":"category","embeddable":true,"href":"https:\/\/www.fuldaernachrichten.de\/index.php?rest_route=%2Fwp%2Fv2%2Fcategories&post=104525"},{"taxonomy":"post_tag","embeddable":true,"href":"https:\/\/www.fuldaernachrichten.de\/index.php?rest_route=%2Fwp%2Fv2%2Ftags&post=104525"}],"curies":[{"name":"wp","href":"https:\/\/api.w.org\/{rel}","templated":true}]}}