{"id":104522,"date":"2012-11-30T10:59:31","date_gmt":"2012-11-30T10:59:31","guid":{"rendered":"http:\/\/www.fuldaer-nachrichten.de\/?p=104522"},"modified":"2012-11-30T10:59:31","modified_gmt":"2012-11-30T10:59:31","slug":"landkreis-schmalkalden-meiningen-ubernimmt-arge-rhon-vorstand","status":"publish","type":"post","link":"https:\/\/www.fuldaernachrichten.de\/?p=104522","title":{"rendered":"Landkreis Schmalkalden-Meiningen \u00fcbernimmt ARGE Rh\u00f6n-Vorstand"},"content":{"rendered":"<p><img decoding=\"async\" class=\"alignleft size-thumbnail wp-image-104523\" title=\"kal_Wechsel ARGE-Vorstand an Landkreis SM\" src=\"http:\/\/www.fuldaer-nachrichten.de\/wp-content\/uploads\/2012\/11\/kal_Wechsel-ARGE-Vorstand-an-Landkreis-SM-265x182.jpg\" alt=\"\" width=\"265\" height=\"182\" srcset=\"https:\/\/www.fuldaernachrichten.de\/wp-content\/uploads\/2012\/11\/kal_Wechsel-ARGE-Vorstand-an-Landkreis-SM-265x182.jpg 265w, https:\/\/www.fuldaernachrichten.de\/wp-content\/uploads\/2012\/11\/kal_Wechsel-ARGE-Vorstand-an-Landkreis-SM.jpg 600w\" sizes=\"(max-width: 265px) 100vw, 265px\" \/>Fulda. Turnusgem\u00e4\u00df wechseln der Vorstand und die Gesch\u00e4ftsf\u00fchrung der Regionalen Arbeitsgemeinschaft (ARGE) Rh\u00f6n zum 1. Januar 2013 an den Landkreis Schmalkalden-Meiningen. \u201eWir werden die Projekte, die in den letzten Jahren begonnen wurden, kontinuierlich weiterf\u00fchren und alle Aktivit\u00e4ten in den Fokus r\u00fccken, die dazu dienen, um den Standort Rh\u00f6n aufzuwerten\u201c, sagte der zuk\u00fcnftige Vorsitzende, Schmalkalden-Meiningens Landrat Peter Heimrich, am Rande der letzten Vorstandssitzung des L\u00e4nder \u00fcbergreifenden Gremiums.<!--more--><\/p>\n<p>Peter Heimrich wurde erst in diesem Jahr zum Landrat des Landkreises Schmalkalden-Meiningen gew\u00e4hlt. \u201eEs ist f\u00fcr mich nat\u00fcrlich eine besonders ehrenvolle Aufgabe und auch eine Herausforderung, f\u00fcr die kommenden zwei Jahre den Vorsitz der ARGE Rh\u00f6n zu \u00fcbernehmen\u201c, meinte er. Sein Hauptziel sei es, im Th\u00fcringer Teil der Rh\u00f6n die Idee der Dachmarke Rh\u00f6n noch bekannter zu machen, damit sich noch mehr Unternehmen als bisher dieser Regionalmarke anschlie\u00dfen. Alle Projekte, die die ARGE Rh\u00f6n bislang initiiert hat, tragen laut Heimrich dazu bei, die Attraktivit\u00e4t der Region zu steigern, und viele von ihnen seien eben nur gemeinsam erfolgreich umsetzbar.<\/p>\n<p>\u201eWir haben in den vergangenen Jahren viele Dinge angeschoben, weil wir die Rh\u00f6n als touristische Destination ausbauen wollen. Ich erinnere nur an den HOCHRH\u00d6NER als Rh\u00f6ner Premiumwanderweg oder an die Dachmarke Rh\u00f6n. All das sind unsere gemeinsamen ,Kinder\u00e2\u20ac\u02dc; ebenso wie das Projekt der Schutzh\u00fctten f\u00fcr den HOCHRH\u00d6NER, das Ziel, als internationaler Sternenlichtpark anerkannt zu werden, oder das Projekt zum Erhalt des Rotmilans\u201c, zog der Landrat des Landkreises Rh\u00f6n-Grabfeld, Thomas Habermann, Bilanz. Er leitete die Geschicke der ARGE Rh\u00f6n als Vorsitzender in den vergangenen beiden Jahren.<\/p>\n<p>Projekte zu entwickeln und umzusetzen sei wichtig, sagte Habermann weiter. \u201eAber es gibt daraus einen nicht zu untersch\u00e4tzenden Effekt: Wir arbeiten sehr vertrauensvoll zusammen und stimmen uns ab. Dadurch entsteht eine gute Nachbarschaft. Die ARGE Rh\u00f6n mit ihren Mitgliedern leistet damit einen wesentlichen Beitrag zur Rh\u00f6ner Identit\u00e4t. 23 Jahre nach der Grenz\u00f6ffnung ist aus meiner Sicht unsere Region gut zusammengewachsen \u2013 so gut, als wenn es nie einen eisernen Vorhang gegeben h\u00e4tte.\u201c An diesem Zusammenwachsen habe auch die ARGE Rh\u00f6n einen Anteil.<\/p>\n<p>Die Zusammenarbeit der f\u00fcnf Rh\u00f6nlandkreise Bad Kissingen, Fulda, Rh\u00f6n-Grabfeld, Schmalkalden-Meiningen und Wartburgkreis strahlt nach Ansicht von Habermann weit \u00fcber die Region hinaus und werde auch seitens der jeweiligen Landesregierungen wahrgenommen. Neben den Landkreisen sind in der Regionalen Arbeitsgemeinschaft Rh\u00f6n auch das Rh\u00f6nforum e.V. (Th\u00fcringen), der Verein Natur- und Lebensraum Rh\u00f6n (Hessen) sowie der Verein Naturpark und Biosph\u00e4renreservat Bayer. Rh\u00f6n e.V. (Bayern) Mitglied.<\/p>\n<p>Zum Foto: W\u00e4hrend der letzten Vorstandssitzung der Regionalen Arbeitsgemeinschaft (ARGE) Rh\u00f6n \u00fcbergab der Landrat des Rh\u00f6n-Grabfeld-Kreises, Thomas Habermann (2.v.r.), den symbolischen Staffelstab an den Landrat des Landkreises Schmalkalden-Meiningen, Peter Heimrich (links). Mit dabei waren auch der Landrat des Wartburgkreises, Reinhard Krebs (2.v.l.), der Landrat des Landkreises Fulda, Bernd Woide (3.v.r.), und der Landrat des Landkreises Bad Kissingen, Thomas Bold (rechts).\u00c2\u00a0 \/\u00c2\u00a0 Foto: Carsten Kallenbach<\/p>\n<p>&nbsp;<\/p>\n<p>&nbsp;<\/p>\n<p>&nbsp;<\/p>\n","protected":false},"excerpt":{"rendered":"<div class=\"tmnf_excerpt\"><p>Fulda. Turnusgem\u00e4\u00df wechseln der Vorstand und die Gesch\u00e4ftsf\u00fchrung der Regionalen Arbeitsgemeinschaft (ARGE) Rh\u00f6n zum 1. Januar 2013 an den Landkreis Schmalkalden-Meiningen. \u201eWir werden die Projekte, die in den letzten Jahren begonnen wurden, kontinuierlich weiterf\u00fchren und alle Aktivit\u00e4ten in den Fokus r\u00fccken, die dazu dienen, um den Standort Rh\u00f6n aufzuwerten\u201c, sagte der zuk\u00fcnftige Vorsitzende, Schmalkalden-Meiningens Landrat &hellip;<\/p>\n<\/div>","protected":false},"author":1,"featured_media":0,"comment_status":"closed","ping_status":"closed","sticky":false,"template":"","format":"standard","meta":{"footnotes":""},"categories":[1,29,52],"tags":[],"class_list":["post-104522","post","type-post","status-publish","format-standard","hentry","category-startseite","category-politik","category-umwelt"],"_links":{"self":[{"href":"https:\/\/www.fuldaernachrichten.de\/index.php?rest_route=\/wp\/v2\/posts\/104522","targetHints":{"allow":["GET"]}}],"collection":[{"href":"https:\/\/www.fuldaernachrichten.de\/index.php?rest_route=\/wp\/v2\/posts"}],"about":[{"href":"https:\/\/www.fuldaernachrichten.de\/index.php?rest_route=\/wp\/v2\/types\/post"}],"author":[{"embeddable":true,"href":"https:\/\/www.fuldaernachrichten.de\/index.php?rest_route=\/wp\/v2\/users\/1"}],"replies":[{"embeddable":true,"href":"https:\/\/www.fuldaernachrichten.de\/index.php?rest_route=%2Fwp%2Fv2%2Fcomments&post=104522"}],"version-history":[{"count":0,"href":"https:\/\/www.fuldaernachrichten.de\/index.php?rest_route=\/wp\/v2\/posts\/104522\/revisions"}],"wp:attachment":[{"href":"https:\/\/www.fuldaernachrichten.de\/index.php?rest_route=%2Fwp%2Fv2%2Fmedia&parent=104522"}],"wp:term":[{"taxonomy":"category","embeddable":true,"href":"https:\/\/www.fuldaernachrichten.de\/index.php?rest_route=%2Fwp%2Fv2%2Fcategories&post=104522"},{"taxonomy":"post_tag","embeddable":true,"href":"https:\/\/www.fuldaernachrichten.de\/index.php?rest_route=%2Fwp%2Fv2%2Ftags&post=104522"}],"curies":[{"name":"wp","href":"https:\/\/api.w.org\/{rel}","templated":true}]}}