{"id":104517,"date":"2012-12-01T00:10:22","date_gmt":"2012-12-01T00:10:22","guid":{"rendered":"http:\/\/www.fuldaer-nachrichten.de\/?p=104517"},"modified":"2012-11-30T10:52:58","modified_gmt":"2012-11-30T10:52:58","slug":"brotverkauf-in-der-christuskirche","status":"publish","type":"post","link":"https:\/\/www.fuldaernachrichten.de\/?p=104517","title":{"rendered":"Brotverkauf in der Christuskirche"},"content":{"rendered":"<p>Fulda. Die Christuskirchengemeinde l\u00e4dt ein zum Gottesdienst am 1. Advent um 10 Uhr mit Er\u00f6ffnung der Aktion \u201eBrot f\u00fcr die Welt\u201c. In Anschluss an den Gottesdienst werden Brote verkauft, die Fuldaer B\u00e4ckereien gespendet haben. Der Erl\u00f6s ist f\u00fcr \u201eBrot f\u00fcr die Welt\u201c bestimmt.<\/p>\n","protected":false},"excerpt":{"rendered":"<div class=\"tmnf_excerpt\"><p>Fulda. Die Christuskirchengemeinde l\u00e4dt ein zum Gottesdienst am 1. Advent um 10 Uhr mit Er\u00f6ffnung der Aktion \u201eBrot f\u00fcr die Welt\u201c. In Anschluss an den Gottesdienst werden Brote verkauft, die Fuldaer B\u00e4ckereien gespendet haben. Der Erl\u00f6s ist f\u00fcr \u201eBrot f\u00fcr die Welt\u201c bestimmt.<\/p>\n<\/div>","protected":false},"author":1,"featured_media":0,"comment_status":"closed","ping_status":"closed","sticky":false,"template":"","format":"standard","meta":{"footnotes":""},"categories":[1,50],"tags":[],"class_list":["post-104517","post","type-post","status-publish","format-standard","hentry","category-startseite","category-kirche"],"_links":{"self":[{"href":"https:\/\/www.fuldaernachrichten.de\/index.php?rest_route=\/wp\/v2\/posts\/104517","targetHints":{"allow":["GET"]}}],"collection":[{"href":"https:\/\/www.fuldaernachrichten.de\/index.php?rest_route=\/wp\/v2\/posts"}],"about":[{"href":"https:\/\/www.fuldaernachrichten.de\/index.php?rest_route=\/wp\/v2\/types\/post"}],"author":[{"embeddable":true,"href":"https:\/\/www.fuldaernachrichten.de\/index.php?rest_route=\/wp\/v2\/users\/1"}],"replies":[{"embeddable":true,"href":"https:\/\/www.fuldaernachrichten.de\/index.php?rest_route=%2Fwp%2Fv2%2Fcomments&post=104517"}],"version-history":[{"count":0,"href":"https:\/\/www.fuldaernachrichten.de\/index.php?rest_route=\/wp\/v2\/posts\/104517\/revisions"}],"wp:attachment":[{"href":"https:\/\/www.fuldaernachrichten.de\/index.php?rest_route=%2Fwp%2Fv2%2Fmedia&parent=104517"}],"wp:term":[{"taxonomy":"category","embeddable":true,"href":"https:\/\/www.fuldaernachrichten.de\/index.php?rest_route=%2Fwp%2Fv2%2Fcategories&post=104517"},{"taxonomy":"post_tag","embeddable":true,"href":"https:\/\/www.fuldaernachrichten.de\/index.php?rest_route=%2Fwp%2Fv2%2Ftags&post=104517"}],"curies":[{"name":"wp","href":"https:\/\/api.w.org\/{rel}","templated":true}]}}