{"id":104505,"date":"2012-11-30T00:12:14","date_gmt":"2012-11-30T00:12:14","guid":{"rendered":"http:\/\/www.fuldaer-nachrichten.de\/?p=104505"},"modified":"2012-11-29T13:13:53","modified_gmt":"2012-11-29T13:13:53","slug":"medienpadagogisches-angebot-kinderkino-mehr-wieder-auf-tournee-4","status":"publish","type":"post","link":"https:\/\/www.fuldaernachrichten.de\/?p=104505","title":{"rendered":"Medienp\u00e4dagogisches Angebot: \u201eKinderKino + mehr\u201c wieder auf Tournee"},"content":{"rendered":"<p>Fulda (cp). Das medienp\u00e4dagogische Angebot \u201eKinderKino + mehr\u201c des Jugendbildungswerkes der Stadt Fulda zeigt wieder in Kooperation mit dem Offenen Kanal Fulda und der Hochschule ab Montag, den 3. Dezember einen spannenden Film in ausgew\u00e4hlten Stadtgebieten und Stadtteilen. Die Wahl fiel diesmal auf einen unterhaltsamen Animationsfilm, in dem die Schildkr\u00f6te Sammy von Erlebnissen in der Unterwasserwelt berichtet. Nachdem Sammy sich mit seiner Freundin Shelly vor den heimt\u00fcckische M\u00f6wen in Sicherheit gebracht hat, verschwindet Shelly auf mysteri\u00f6se Art und Weise, nun liegt es an Sammy sie zu retten und den Zuschauer auf sein Abenteuer mitzunehmen. Nach der Vorf\u00fchrung (ab 6 Jahren) gibt es angeleitete Aktivit\u00e4ten rund um den Film. Die Kinder k\u00f6nnen bei Bastel- und Spielaktionen selbst aktiv und kreativ werden, um sich auf ihre Weise mit dem Gesehenen auseinander zu setzen. Eltern m\u00fcssen beim KinderKino drau\u00dfen bleiben.<!--more--><br \/>\nDas mobile Kinderkino ist zu Gast:<br \/>\nMontag, 03.12.2012<br \/>\nAstrid-Lindgren-Schule, Fulda Galerie<br \/>\nDienstag, 04.12.2012<br \/>\nGrundschule in Haimbach<br \/>\nMittwoch, 05.12.2012<br \/>\nB\u00fcrgerhaus Edelzell<br \/>\nDonnerstag, 06.12.2012<br \/>\nCuno-Raabe-Schule, Ostend<br \/>\nFreitag, 07.12.2012<br \/>\nPfarrgemeinde St. Joseph im Nordend<br \/>\nMontag, 10.12.2012<br \/>\nB\u00fcrgerhaus Grillenburg in Lehnerz<br \/>\nDienstag, 11.12.2012<br \/>\nSturmiusschule in Kohlhaus<br \/>\nMittwoch, 12.12.2012<br \/>\nB\u00fcrgerhaus Johannesberg<\/p>\n<p>Veranstaltungszeitraum ist jeweils von 15.00 bis 18.00 Uhr, der Einlass (Unkostenbeitrag 1,50 \u00e2\u201a\u00ac) beginnt um 14.45 Uhr. Genauere Informationen erteilt Ingmar S\u00fc\u00df unter Tel. 0661\/102-1980.<\/p>\n","protected":false},"excerpt":{"rendered":"<div class=\"tmnf_excerpt\"><p>Fulda (cp). Das medienp\u00e4dagogische Angebot \u201eKinderKino + mehr\u201c des Jugendbildungswerkes der Stadt Fulda zeigt wieder in Kooperation mit dem Offenen Kanal Fulda und der Hochschule ab Montag, den 3. Dezember einen spannenden Film in ausgew\u00e4hlten Stadtgebieten und Stadtteilen. Die Wahl fiel diesmal auf einen unterhaltsamen Animationsfilm, in dem die Schildkr\u00f6te Sammy von Erlebnissen in der &hellip;<\/p>\n<\/div>","protected":false},"author":1,"featured_media":0,"comment_status":"closed","ping_status":"closed","sticky":false,"template":"","format":"standard","meta":{"footnotes":""},"categories":[1,72],"tags":[],"class_list":["post-104505","post","type-post","status-publish","format-standard","hentry","category-startseite","category-jugend"],"_links":{"self":[{"href":"https:\/\/www.fuldaernachrichten.de\/index.php?rest_route=\/wp\/v2\/posts\/104505","targetHints":{"allow":["GET"]}}],"collection":[{"href":"https:\/\/www.fuldaernachrichten.de\/index.php?rest_route=\/wp\/v2\/posts"}],"about":[{"href":"https:\/\/www.fuldaernachrichten.de\/index.php?rest_route=\/wp\/v2\/types\/post"}],"author":[{"embeddable":true,"href":"https:\/\/www.fuldaernachrichten.de\/index.php?rest_route=\/wp\/v2\/users\/1"}],"replies":[{"embeddable":true,"href":"https:\/\/www.fuldaernachrichten.de\/index.php?rest_route=%2Fwp%2Fv2%2Fcomments&post=104505"}],"version-history":[{"count":0,"href":"https:\/\/www.fuldaernachrichten.de\/index.php?rest_route=\/wp\/v2\/posts\/104505\/revisions"}],"wp:attachment":[{"href":"https:\/\/www.fuldaernachrichten.de\/index.php?rest_route=%2Fwp%2Fv2%2Fmedia&parent=104505"}],"wp:term":[{"taxonomy":"category","embeddable":true,"href":"https:\/\/www.fuldaernachrichten.de\/index.php?rest_route=%2Fwp%2Fv2%2Fcategories&post=104505"},{"taxonomy":"post_tag","embeddable":true,"href":"https:\/\/www.fuldaernachrichten.de\/index.php?rest_route=%2Fwp%2Fv2%2Ftags&post=104505"}],"curies":[{"name":"wp","href":"https:\/\/api.w.org\/{rel}","templated":true}]}}