{"id":104464,"date":"2012-11-29T00:14:48","date_gmt":"2012-11-29T00:14:48","guid":{"rendered":"http:\/\/www.fuldaer-nachrichten.de\/?p=104464"},"modified":"2012-11-28T14:36:09","modified_gmt":"2012-11-28T14:36:09","slug":"schweiser-informieren-sich-im-businessclub-fulda","status":"publish","type":"post","link":"https:\/\/www.fuldaernachrichten.de\/?p=104464","title":{"rendered":"Schwei\u00dfer informieren sich im Businessclub Fulda"},"content":{"rendered":"<p><img fetchpriority=\"high\" decoding=\"async\" class=\"alignleft size-thumbnail wp-image-104465\" title=\"Gruppenbild\" src=\"http:\/\/www.fuldaer-nachrichten.de\/wp-content\/uploads\/2012\/11\/Gruppenbild1-265x198.jpg\" alt=\"\" width=\"265\" height=\"198\" srcset=\"https:\/\/www.fuldaernachrichten.de\/wp-content\/uploads\/2012\/11\/Gruppenbild1-265x198.jpg 265w, https:\/\/www.fuldaernachrichten.de\/wp-content\/uploads\/2012\/11\/Gruppenbild1.jpg 592w\" sizes=\"(max-width: 265px) 100vw, 265px\" \/>Fulda. Fehlervermeidung in der Praxis und vertragliche Regelungen standen auf dem Programm einer Informationsveranstaltung, die gemeinsamen durch die Qualifizierungsbeauftragten des Landkreises Fulda und des Vogelsbergkreises sowie DVS Bezirksverband Fulda veranstaltet wurde. Gut 40 Unternehmer waren der Einladung in den Businessclub Fulda gefolgt.<!--more--><\/p>\n<p>Im Namen des DVS-Bezirksverbandes begr\u00fc\u00dfte der Qualifizierungsbeauftragte des Landkreises Fulda, Harald Hahner, selbst Schwei\u00dffachingenieur und Gesch\u00e4ftsf\u00fchrer des DVS-Bezirksverbandes Fulda, die Teilnehmer zur Informationsveranstaltung. Er freute sich, dass es gelungen sei mit den Ingenieuren Marc Warzawa (Stuttgart) und Peter Gerster (Ehingen) zwei absolute Meister ihres Faches zu engagieren.<\/p>\n<p><img decoding=\"async\" class=\"alignleft size-thumbnail wp-image-104466\" title=\"Referent-Gerster\" src=\"http:\/\/www.fuldaer-nachrichten.de\/wp-content\/uploads\/2012\/11\/Referent-Gerster-265x198.jpg\" alt=\"\" width=\"265\" height=\"198\" srcset=\"https:\/\/www.fuldaernachrichten.de\/wp-content\/uploads\/2012\/11\/Referent-Gerster-265x198.jpg 265w, https:\/\/www.fuldaernachrichten.de\/wp-content\/uploads\/2012\/11\/Referent-Gerster.jpg 592w\" sizes=\"(max-width: 265px) 100vw, 265px\" \/>\u201eSchreiben Sie noch aus?\u201c fragte Marc Warzawa die Teilnehmer des Fachvortrages. In eindrucksvollen Beispielen erl\u00e4uterte, welche Folgen fehlerhafte Ausschreibungen f\u00fcr den Auftraggeber haben k\u00f6nnen. Sich auf die Zertifizierung oder andere Zeugnisse der Auftragnehmer zu verlassen, reiche nicht aus. Besser sei es, so der Ingenieur, alles vertraglich sauber zu regeln und die Konstruktionszeichnungen so detailliert wie m\u00f6glich zu gestalten. Umgekehrt gilt es f\u00fcr den Hersteller, alle Schwei\u00dfvorg\u00e4nge ganz genau zu dokumentieren. \u201eBei kleineren Bauteilen, kann so die Dokumentation auch einmal schwerer sein als das Werkst\u00fcck\u201c, betonte er abschlie\u00dfen.<\/p>\n<p>Die h\u00e4ufigsten Ursachen f\u00fcr Br\u00fcche von Schwei\u00dfn\u00e4hten seien handwerkliche Fehler und mangelnde Vorgaben in den Konstruktionszeichnungen, erl\u00e4uterte Peter Gerster. Der Gerichtsgutachter ging insbesondere auch auf die juristischen Folgen dieser Fehler ein. Breche z.B. der Ausleger eines Krans, so k\u00f6nne dies f\u00fcr den Hersteller ganz leicht zu empfindlichen Konsequenzen f\u00fchren. Die einzelnen Schwei\u00dfn\u00e4hte w\u00fcrden dann unter dem Mikroskop untersucht und auch die entsprechenden Konstruktionszeichnungen zu Rate gezogen. Sich auf die Qualifikation der ausf\u00fchrenden Schwei\u00dfer zu verlassen , reiche h\u00e4ufig nicht aus. Gerster empfahl, in jedem Fall auch die geforderte Qualit\u00e4t der Schwei\u00dfnaht in der Zeichnung festzulegen.<\/p>\n<p>Harald Hahner betonte, dass ein wichtiger Baustein zur Fehlervermeidung in der Qualifizierung der Schwei\u00dfer und der Schwei\u00dfaufsicht liege. Schwei\u00dfkurse und Schwei\u00dferpr\u00fcfungen des Deutschen Verbandes f\u00fcr Schwei\u00dftechnik (DVS) werden im Rahmen der Qualifizierungsoffensive mit Quali-Schecks bis zu einer H\u00f6he von 500 Euro im Jahr gef\u00f6rdert. Die Qualifizierungsbeauftragte des Vogelsbergkreises Andrea Ortstadt informierte abschlie\u00dfend \u00fcber das Angebot der Qualifizierungsoffensive des Landes Hessen, das sich an kleine und mittlere Unternehmen und deren Mitarbeiter richtet.<\/p>\n<p>Gruppenbild: Zum Abschluss erhielten die Referenten als kleines Dankesch\u00f6n gut gef\u00fcllte Fuldaer Rucks\u00e4cke: von links: Harald Hahner, Marc Warzawa, Andrea Ortstadt, Stefan Bertram und Peter Gerster.<\/p>\n","protected":false},"excerpt":{"rendered":"<div class=\"tmnf_excerpt\"><p>Fulda. Fehlervermeidung in der Praxis und vertragliche Regelungen standen auf dem Programm einer Informationsveranstaltung, die gemeinsamen durch die Qualifizierungsbeauftragten des Landkreises Fulda und des Vogelsbergkreises sowie DVS Bezirksverband Fulda veranstaltet wurde. Gut 40 Unternehmer waren der Einladung in den Businessclub Fulda gefolgt.<\/p>\n<\/div>","protected":false},"author":1,"featured_media":0,"comment_status":"closed","ping_status":"closed","sticky":false,"template":"","format":"standard","meta":{"footnotes":""},"categories":[1,29],"tags":[],"class_list":["post-104464","post","type-post","status-publish","format-standard","hentry","category-startseite","category-politik"],"_links":{"self":[{"href":"https:\/\/www.fuldaernachrichten.de\/index.php?rest_route=\/wp\/v2\/posts\/104464","targetHints":{"allow":["GET"]}}],"collection":[{"href":"https:\/\/www.fuldaernachrichten.de\/index.php?rest_route=\/wp\/v2\/posts"}],"about":[{"href":"https:\/\/www.fuldaernachrichten.de\/index.php?rest_route=\/wp\/v2\/types\/post"}],"author":[{"embeddable":true,"href":"https:\/\/www.fuldaernachrichten.de\/index.php?rest_route=\/wp\/v2\/users\/1"}],"replies":[{"embeddable":true,"href":"https:\/\/www.fuldaernachrichten.de\/index.php?rest_route=%2Fwp%2Fv2%2Fcomments&post=104464"}],"version-history":[{"count":0,"href":"https:\/\/www.fuldaernachrichten.de\/index.php?rest_route=\/wp\/v2\/posts\/104464\/revisions"}],"wp:attachment":[{"href":"https:\/\/www.fuldaernachrichten.de\/index.php?rest_route=%2Fwp%2Fv2%2Fmedia&parent=104464"}],"wp:term":[{"taxonomy":"category","embeddable":true,"href":"https:\/\/www.fuldaernachrichten.de\/index.php?rest_route=%2Fwp%2Fv2%2Fcategories&post=104464"},{"taxonomy":"post_tag","embeddable":true,"href":"https:\/\/www.fuldaernachrichten.de\/index.php?rest_route=%2Fwp%2Fv2%2Ftags&post=104464"}],"curies":[{"name":"wp","href":"https:\/\/api.w.org\/{rel}","templated":true}]}}