{"id":104434,"date":"2012-11-28T00:12:45","date_gmt":"2012-11-28T00:12:45","guid":{"rendered":"http:\/\/www.fuldaer-nachrichten.de\/?p=104434"},"modified":"2012-11-28T06:36:33","modified_gmt":"2012-11-28T06:36:33","slug":"klinikum-fulda-wurdigte-langjahrige-verdienste-an-kranken-menschen-2","status":"publish","type":"post","link":"https:\/\/www.fuldaernachrichten.de\/?p=104434","title":{"rendered":"Klinikum Fulda w\u00fcrdigte langj\u00e4hrige Verdienste an kranken Menschen"},"content":{"rendered":"<p><img decoding=\"async\" class=\"alignleft size-thumbnail wp-image-104435\" title=\"MA_Jubila\u00cc\u02c6umsveranstanstaltung_22.11.2012_DSC_7489_beschnitten\" src=\"http:\/\/www.fuldaer-nachrichten.de\/wp-content\/uploads\/2012\/11\/MA_Jubila\u00cc\u02c6umsveranstanstaltung_22.11.2012_DSC_7489_beschnitten-265x113.jpg\" alt=\"\" width=\"265\" height=\"113\" \/>Fulda. Im Rahmen der Jubil\u00e4umsveranstaltung wurden offiziell 21 Mitarbeiterinnen und Mitarbeiter des Klinikums Fulda f\u00fcr ihr 25-j\u00e4hriges und 5 Mitarbeiterinnen f\u00fcr ihr 40-j\u00e4hriges Dienstjubil\u00e4um geehrt. Ebenso wurden 7 Mitarbeiterinnen und Mitarbeiter in ihren Ruhestand verabschiedet.<!--more--><\/p>\n<p>Im Namen des Vorstands sprach Priv.-Doz. Dr. Thomas Menzel den Jubilaren und Ruhest\u00e4ndlern seinen Dank und die Anerkennung f\u00fcr die jahrelange engagierte und erfolgreiche Arbeitsleistung aus. \u201eDie Menschen der Region erwarten von ihrem Krankenhaus den aktuellen Stand der Technik, gut ausgebildete Mitarbeiterinnen und Mitarbeiter, st\u00e4ndige Verf\u00fcgbarkeit, Dienstbereitschaft an 365 Tagen im Jahr, 24 Stunden am Tag und das bei kurzen Wartezeiten und durchg\u00e4ngiger Freundlichkeit. Sie wollen sich sicher f\u00fchlen und das Gef\u00fchl haben, dass sich jemand k\u00fcmmert. Wir glauben, dass wir die notwendige Kompetenz und Verantwortung haben, damit sich die Patienten geborgen bei uns f\u00fchlen\u201c, so Dr. Menzel.<\/p>\n<p>\u201eAuch wenn die Phase, in der wir uns im Klinikum befinden, manchmal nicht einfach ist, Bitte ich Sie: Tragen Sie durch Ihr Engagement auch weiterhin dazu bei, dass wir als Klinikum Fulda auch zuk\u00fcnftig f\u00fcr die Menschen der Region da sein k\u00f6nnen\u201c, appellierte Dr. Menzel. Der Betriebsratsvorsitzende Rolf M\u00fcller \u00fcbermittelte im Namen der gesamten Belegschaft herzliche Gl\u00fcckw\u00fcnsche. Auch er sprach den Jubilaren seinen Dank f\u00fcr ihr Engagement aus. Er hob insbesondere die Wichtigkeit der Qualifikation von langj\u00e4hrig erfahrenen Mitarbeitern hervor. Es habe sich gezeigt, dass Unternehmen gerade auf routinierte und erfahrene Mitarbeiterinnen und Mitarbeiter angewiesen sind.<\/p>\n<p>\u201eDie \u00e4lteren erfahren Mitarbeiter geben ihre Erfahrung an die J\u00fcngeren weiter und k\u00f6nnen sie somit unterst\u00fctzen\u201c, so M\u00fcller. Im Anschluss an die Dankesworte wurden die jeweiligen beruflichen Lebensl\u00e4ufe der zu Ehrenden vorgestellt. Allen Jubilaren sowie Ruhest\u00e4ndlern wurden als Zeichen des Dankes und der Verbundenheit Urkunden sowie Pr\u00e4sente \u00fcberreicht, bevor es zum gem\u00fctlichen Beisammensein \u00fcberging.<\/p>\n<p><strong>F\u00fcr ihr 40-J\u00e4hriges Dienstjubil\u00e4um wurde geehrt:<\/strong><\/p>\n<p><strong>Gabriele Kirsch <\/strong>hat ihre Ausbildung zur Krankenpflegehelferin von 1971 bis 1972 im Klinikum absolviert, ist seit 1972 als Krankenpflegehelferin angestellt und auf der Station 1 A t\u00e4tig.<\/p>\n<p><strong>Marlies M\u00f6ller <\/strong>hat ihre Ausbildung zur Krankenpflegehelferin von 1969 bis 1971 im Klinikum absolviert und ist seit 1972 als Krankenpflegehelferin angestellt. Sie war zun\u00e4chst auf der Station 9 A eingesetzt. Seit Januar 2012 ist sie auf der Station 1 A t\u00e4tig.<\/p>\n<p><strong>Gudrun Rohde <\/strong>ist seit Oktober 1975 als Krankenpflegehelferin im Klinikum Fulda auf der Station 1 B t\u00e4tig.<\/p>\n<p><strong>Sophie \u00dcbelacker <\/strong>wurde im Dezember 1972 als Krankenpflegehelferin eingestellt und ist derzeit im Ger\u00e4tepflegezentrum besch\u00e4ftigt.<\/p>\n<p><strong>Wolfgang Wiebersinsky <\/strong>ist seit April 1990 als medizinisch-technischer Laboratoriums-assistent (MTLA) im Institut f\u00fcr Laboratoriumsmedizin t\u00e4tig.<\/p>\n<p><strong>F\u00fcr ihr 25-j\u00e4hriges Dienstjubil\u00e4um wurden geehrt:<\/strong><\/p>\n<p><strong>Andrea Banik <\/strong>absolvierte von 1984 bis 1987 ihre Ausbildung zur Krankenschwester im Klinikum Fulda. Seit August 1987 ist Frau Banik als Krankenschwester besch\u00e4ftigt und derzeit auf der Station 9 A t\u00e4tig.<\/p>\n<p><strong>Beate Becker <\/strong>ist seit August 1987 als Krankenschwester im Klinikum Fulda auf der Station 2 A t\u00e4tig.<\/p>\n<p><strong>Frauke B\u00f6ttcher <\/strong>wurde im Juli 1987 als Krankenschwester eingestellt. Seit Oktober 1989 ist sie auf der Station 5 A Intensiv t\u00e4tig.<\/p>\n<p><strong>Siegrun Bug <\/strong>wurde im Juli 1991 als Krankenschwester f\u00fcr die Klinik f\u00fcr Psychiatrie eingestellt. Die Anerkennung zur Fachkrankenschwester erhielt sie im April 1992. Im Oktober 1993 wurde ihr die Gruppenleitung der Station 3 Ost und seit April 1999 auf der Station 1 Ost \u00fcbertragen. Seit 2010 ist sie in der Versetzung Institutsambulanz der Psychiatrie t\u00e4tig.<\/p>\n<p><strong>Ulrike Friedel <\/strong>absolvierte von 1984 bis 1987 ihre Ausbildung zur Krankenschwester im Klinikum Fulda. Seit August 1987 ist Frau Friedel auf der Station 9 A besch\u00e4ftigt.<\/p>\n<p><strong>Andrea H\u00f6hl <\/strong>ist seit April 1984 als medizinisch-technische Laboratoriums-assistentin im Institut f\u00fcr Laboratoriumsmedizin t\u00e4tig.<\/p>\n<p><strong>Jutta Hodes <\/strong>wurde im August 1987 nach ihrer Ausbildung zur Krankenschwester im Klinikum Fulda \u00fcbernommen und ist derzeit in der Klinik f\u00fcr An\u00e4sthesiologie t\u00e4tig.<\/p>\n<p><strong>Detlef in der M\u00fchle <\/strong>wurde im Januar 1993 als Krankenpfleger eingestellt. Er erhielt seine Anerkennung als Fachkrankenpfleger in der Intensivpflege im Oktober 1997 und ist derzeit in der Klinik f\u00fcr An\u00e4sthesiologie t\u00e4tig.<\/p>\n<p><strong>Bettina Kiel <\/strong>wurde im November 1988 als Kinderkrankenschwester f\u00fcr die Kinder-Intensiv-Station im Klinikum eingestellt. Sie absolvierte eine Weiterbildung zur Fachkinderkrankenschwester im Zeitraum von 1989-1991.<\/p>\n<p><strong>Susanne Kiel <\/strong>absolvierte von 1984 bis 1987 ihre Ausbildung zur Krankenschwester im Klinikum Fulda. Im Juli 2002 wurde Frau Kiel die Leitung der Station 9 A \u00fcbertragen.<\/p>\n<p><strong>Ingrid Kress <\/strong>wurde im August 1987 als K\u00fcchengehilfin eingestellt. Seit April 2004 ist sie im Institut f\u00fcr Pathologie des Klinikums Fulda t\u00e4tig.<\/p>\n<p><strong>Rainer Dr. med. Meissel <\/strong>ist im Juli 1987 als Assistenzarzt im Klinikum Fulda eingestellt worden. Seit Oktober 2005 hat er die Funktion des leitenden Oberarztes der Klinik f\u00fcr An\u00e4sthesiologie, Intensiv- und Notfallmedizin inne.<\/p>\n<p><strong>Gerlinde Neidert-Schwarz <\/strong>wurde im September 1991 als Krankenschwester im Klinikum eingestellt und ist im Zentral-OP t\u00e4tig.<\/p>\n<p><strong>Doris Opitz <\/strong>absolvierte von 1983 bis 1986 ihre Ausbildung zur Krankenschwester im Klinikum Fulda. Seit August 1986 ist sie als Krankenschwester besch\u00e4ftigt und derzeit auf der Station 5 A Intensiv t\u00e4tig.<\/p>\n<p><strong>Martina Phillips <\/strong>hat ihre Ausbildung zur medizinisch-technischen Laboratoriums-assistentin im Klinikum absolviert und war von Oktober 1987 bis Mai 1988 an der MTA-Schule besch\u00e4ftigt. Seit Mai 1988 ist Frau Phillips im Institut f\u00fcr Laboratoriumsmedizin t\u00e4tig.<\/p>\n<p><strong>Christine Pralle <\/strong>absolvierte von 1984 bis 1987 ihre Ausbildung zur Krankenschwester im Klinikum Fulda. Seit August 1987 ist sie als Krankenschwester besch\u00e4ftigt und derzeit auf der Station 1 A t\u00e4tig.<\/p>\n<p><strong>Anja Rausch <\/strong>wurde im Anschluss an ihre Ausbildung im August 1987 als Krankenschwester im Klinikum \u00fcbernommen. Seitdem ist Frau Rausch auf der Station 3 B t\u00e4tig.<\/p>\n<p><strong>Antje Reinecke-Wetter <\/strong>wurde im Anschluss an ihre Ausbildung im Oktober 1987 als Krankenschwester \u00fcbernommen. Seit Januar 1991 ist Frau Reinecke-Wetter in der Klinik f\u00fcr Psychiatrie t\u00e4tig.<\/p>\n<p><strong>Dorothe Riedel <\/strong>absolvierte von 1981 bis 1984 ihre Ausbildung zur Krankenschwester im Klinikum Fulda. Seit September 1984 ist sie als Krankenschwester besch\u00e4ftigt und derzeit auf der Station 3 B t\u00e4tig.<\/p>\n<p><strong>Evelyn Sch\u00f6n <\/strong>wurde im Februar 1986 als Erzieherin f\u00fcr die Kinderklinik eingestellt und ist dort nach wie vor t\u00e4tig.<\/p>\n<p><strong>Kay-Martin Dr. med. Ziehe <\/strong>wurde im M\u00e4rz 1994 als Assistenzarzt im Klinikum Fulda eingestellt. Im Dezember 1999 erhielt er die Anerkennung als Facharzt f\u00fcr Chirurgie. Seit August 2005 ist Dr. Ziehe als Oberarzt der Klinik f\u00fcr Allgemein- und Viszeralchirurgie t\u00e4tig.<\/p>\n<p><strong>In den Ruhestand wurden verabschiedet:<\/strong><\/p>\n<p>Ilka B\u00f6rger (Personalsachbearbeiterin, Personalabteilung), Franz Ernst (Krankenpfleger, Station 1 Ost), Ernst Kraft (Fachkrankenpfleger, An\u00e4sthesie), C\u00e4cilie Nopper-Maslinski (Altenpflegerin, Heilig Geist Seniorenzentrum), Monika Schnittker (Krankenschwester, HNO-OP), \u00c2\u00a0Etel Schwarz (Krankenschwester, Station 5 A Dialyse), Christa Uffelmann-Da Luz (Mitarbeiterin, BTV)<\/p>\n","protected":false},"excerpt":{"rendered":"<div class=\"tmnf_excerpt\"><p>Fulda. Im Rahmen der Jubil\u00e4umsveranstaltung wurden offiziell 21 Mitarbeiterinnen und Mitarbeiter des Klinikums Fulda f\u00fcr ihr 25-j\u00e4hriges und 5 Mitarbeiterinnen f\u00fcr ihr 40-j\u00e4hriges Dienstjubil\u00e4um geehrt. Ebenso wurden 7 Mitarbeiterinnen und Mitarbeiter in ihren Ruhestand verabschiedet.<\/p>\n<\/div>","protected":false},"author":1,"featured_media":0,"comment_status":"closed","ping_status":"closed","sticky":false,"template":"","format":"standard","meta":{"footnotes":""},"categories":[1,51],"tags":[],"class_list":["post-104434","post","type-post","status-publish","format-standard","hentry","category-startseite","category-medizin"],"_links":{"self":[{"href":"https:\/\/www.fuldaernachrichten.de\/index.php?rest_route=\/wp\/v2\/posts\/104434","targetHints":{"allow":["GET"]}}],"collection":[{"href":"https:\/\/www.fuldaernachrichten.de\/index.php?rest_route=\/wp\/v2\/posts"}],"about":[{"href":"https:\/\/www.fuldaernachrichten.de\/index.php?rest_route=\/wp\/v2\/types\/post"}],"author":[{"embeddable":true,"href":"https:\/\/www.fuldaernachrichten.de\/index.php?rest_route=\/wp\/v2\/users\/1"}],"replies":[{"embeddable":true,"href":"https:\/\/www.fuldaernachrichten.de\/index.php?rest_route=%2Fwp%2Fv2%2Fcomments&post=104434"}],"version-history":[{"count":0,"href":"https:\/\/www.fuldaernachrichten.de\/index.php?rest_route=\/wp\/v2\/posts\/104434\/revisions"}],"wp:attachment":[{"href":"https:\/\/www.fuldaernachrichten.de\/index.php?rest_route=%2Fwp%2Fv2%2Fmedia&parent=104434"}],"wp:term":[{"taxonomy":"category","embeddable":true,"href":"https:\/\/www.fuldaernachrichten.de\/index.php?rest_route=%2Fwp%2Fv2%2Fcategories&post=104434"},{"taxonomy":"post_tag","embeddable":true,"href":"https:\/\/www.fuldaernachrichten.de\/index.php?rest_route=%2Fwp%2Fv2%2Ftags&post=104434"}],"curies":[{"name":"wp","href":"https:\/\/api.w.org\/{rel}","templated":true}]}}