{"id":104385,"date":"2012-11-27T00:14:51","date_gmt":"2012-11-27T00:14:51","guid":{"rendered":"http:\/\/www.fuldaer-nachrichten.de\/?p=104385"},"modified":"2012-11-27T09:10:30","modified_gmt":"2012-11-27T09:10:30","slug":"familien-matinee-der-musikschule-der-stadt-fulda-am-1-dezember","status":"publish","type":"post","link":"https:\/\/www.fuldaernachrichten.de\/?p=104385","title":{"rendered":"Familien-Matinee der Musikschule der Stadt Fulda am 1. Dezember"},"content":{"rendered":"<p>Fulda (cp). Unter dem Motto \u201eKinder spielen f\u00fcr Kinder\u201c steht die Familien-Matinee der Musikschule der Stadt Fulda, die am Samstag, den 1. Dezember in der Aula der Alten Universit\u00e4t stattfindet. Wie jedes Jahr zum 1. Advent werden die Sch\u00fclerinnen und Sch\u00fcler im Alter zwischen 6 und 12 Jahren in verschiedenen Besetzungen musizieren. Die ausgew\u00e4hlten St\u00fccke sind auf das junge Publikum abgestimmt. Mit dabei sind die Kinder aus der Musikalischen Fr\u00fcherziehung mit ihren Lehrerinnen Olga Hartmann und Hilda Wiens. Der Eintritt ist frei, \u00fcber eine kleine Spende w\u00fcrde sich die Musikschule freuen.<\/p>\n","protected":false},"excerpt":{"rendered":"<div class=\"tmnf_excerpt\"><p>Fulda (cp). Unter dem Motto \u201eKinder spielen f\u00fcr Kinder\u201c steht die Familien-Matinee der Musikschule der Stadt Fulda, die am Samstag, den 1. Dezember in der Aula der Alten Universit\u00e4t stattfindet. Wie jedes Jahr zum 1. Advent werden die Sch\u00fclerinnen und Sch\u00fcler im Alter zwischen 6 und 12 Jahren in verschiedenen Besetzungen musizieren. Die ausgew\u00e4hlten St\u00fccke &hellip;<\/p>\n<\/div>","protected":false},"author":1,"featured_media":0,"comment_status":"closed","ping_status":"closed","sticky":false,"template":"","format":"standard","meta":{"footnotes":""},"categories":[1,72],"tags":[],"class_list":["post-104385","post","type-post","status-publish","format-standard","hentry","category-startseite","category-jugend"],"_links":{"self":[{"href":"https:\/\/www.fuldaernachrichten.de\/index.php?rest_route=\/wp\/v2\/posts\/104385","targetHints":{"allow":["GET"]}}],"collection":[{"href":"https:\/\/www.fuldaernachrichten.de\/index.php?rest_route=\/wp\/v2\/posts"}],"about":[{"href":"https:\/\/www.fuldaernachrichten.de\/index.php?rest_route=\/wp\/v2\/types\/post"}],"author":[{"embeddable":true,"href":"https:\/\/www.fuldaernachrichten.de\/index.php?rest_route=\/wp\/v2\/users\/1"}],"replies":[{"embeddable":true,"href":"https:\/\/www.fuldaernachrichten.de\/index.php?rest_route=%2Fwp%2Fv2%2Fcomments&post=104385"}],"version-history":[{"count":0,"href":"https:\/\/www.fuldaernachrichten.de\/index.php?rest_route=\/wp\/v2\/posts\/104385\/revisions"}],"wp:attachment":[{"href":"https:\/\/www.fuldaernachrichten.de\/index.php?rest_route=%2Fwp%2Fv2%2Fmedia&parent=104385"}],"wp:term":[{"taxonomy":"category","embeddable":true,"href":"https:\/\/www.fuldaernachrichten.de\/index.php?rest_route=%2Fwp%2Fv2%2Fcategories&post=104385"},{"taxonomy":"post_tag","embeddable":true,"href":"https:\/\/www.fuldaernachrichten.de\/index.php?rest_route=%2Fwp%2Fv2%2Ftags&post=104385"}],"curies":[{"name":"wp","href":"https:\/\/api.w.org\/{rel}","templated":true}]}}