{"id":104380,"date":"2012-11-27T00:14:28","date_gmt":"2012-11-27T00:14:28","guid":{"rendered":"http:\/\/www.fuldaer-nachrichten.de\/?p=104380"},"modified":"2012-11-27T08:34:08","modified_gmt":"2012-11-27T08:34:08","slug":"grundschuler-backen-weckmanner-fur-guten-zweck","status":"publish","type":"post","link":"https:\/\/www.fuldaernachrichten.de\/?p=104380","title":{"rendered":"Grundsch\u00fcler backen Weckm\u00e4nner f\u00fcr guten Zweck"},"content":{"rendered":"<p>Fulda. Backen, naschen und dabei Gutes tun: Die bofrost*Niederlassung Fulda und die Grundschule Schmalnau sammeln mit einer gemeinsamen Weckmann-Backaktion Spenden f\u00fcr Kinder in Not. Am 29.11.2012 verzieren rund 50 Kids nach Herzenslust frisch gebackene Weckm\u00e4nner. F\u00fcr jeden s\u00fc\u00dfen Hefeteigmann geht ein Euro in den Spendentopf der Kinderhilfsorganisation \u201eEin Herz f\u00fcr Kinder\u201c. Oliver Solbach, Leiter der bofrost*Niederlassung Fulda, bringt die bofrost*Weckm\u00e4nner f\u00fcr diese Aktion pers\u00f6nlich zur Grundschule Schmalnau: \u201eEs ist f\u00fcr mich immer wieder sch\u00f6n zu sehen, wie viel Spa\u00df die Kleinen beim Backen haben. Die Teilnahme der 1. &amp; 2. Klasse der Grundschule Schmalnau erm\u00f6glicht es den Kindern, mit ihrer Kreativit\u00e4t und Fantasie Gutes zu tun.\u201c<!--more--><\/p>\n<p><strong><\/strong>Bereits zum f\u00fcnften Mal in Folge unterst\u00fctzt bofrost* die Kinderhilfsorganisation. Seit Mitte September haben die mehr als 3.000 Verkaufsfahrer wieder den beliebten Familienrezeptkalender an Bord. Pro verkauftem Kalender geht ebenfalls ein Euro an \u201eEin Herz f\u00fcr Kinder\u201c. Zus\u00e4tzlich helfen Aktionsprodukte, bei denen f\u00fcr jedes verkaufte Produkt zehn Cent gespendet werden. Auch dieses Jahr soll bei der ZDF-Gala am 15. Dezember eine gro\u00dfz\u00fcgige Spendensumme von bofrost* \u00fcberreicht werden. Allein im vergangenen Jahr spendete bofrost* eine Million Euro.<strong> <\/strong>Fulda ist eine von bundesweit 115 bofrost*Niederlassungen. Die Verkaufsfahrer beliefern in der Region rund 25.000 Kunden mit mehr als 360 verschiedenen Tiefk\u00fchlprodukten.<\/p>\n","protected":false},"excerpt":{"rendered":"<div class=\"tmnf_excerpt\"><p>Fulda. Backen, naschen und dabei Gutes tun: Die bofrost*Niederlassung Fulda und die Grundschule Schmalnau sammeln mit einer gemeinsamen Weckmann-Backaktion Spenden f\u00fcr Kinder in Not. Am 29.11.2012 verzieren rund 50 Kids nach Herzenslust frisch gebackene Weckm\u00e4nner. F\u00fcr jeden s\u00fc\u00dfen Hefeteigmann geht ein Euro in den Spendentopf der Kinderhilfsorganisation \u201eEin Herz f\u00fcr Kinder\u201c. Oliver Solbach, Leiter der &hellip;<\/p>\n<\/div>","protected":false},"author":1,"featured_media":0,"comment_status":"closed","ping_status":"closed","sticky":false,"template":"","format":"standard","meta":{"footnotes":""},"categories":[1,37],"tags":[],"class_list":["post-104380","post","type-post","status-publish","format-standard","hentry","category-startseite","category-essen-und-trinken"],"_links":{"self":[{"href":"https:\/\/www.fuldaernachrichten.de\/index.php?rest_route=\/wp\/v2\/posts\/104380","targetHints":{"allow":["GET"]}}],"collection":[{"href":"https:\/\/www.fuldaernachrichten.de\/index.php?rest_route=\/wp\/v2\/posts"}],"about":[{"href":"https:\/\/www.fuldaernachrichten.de\/index.php?rest_route=\/wp\/v2\/types\/post"}],"author":[{"embeddable":true,"href":"https:\/\/www.fuldaernachrichten.de\/index.php?rest_route=\/wp\/v2\/users\/1"}],"replies":[{"embeddable":true,"href":"https:\/\/www.fuldaernachrichten.de\/index.php?rest_route=%2Fwp%2Fv2%2Fcomments&post=104380"}],"version-history":[{"count":1,"href":"https:\/\/www.fuldaernachrichten.de\/index.php?rest_route=\/wp\/v2\/posts\/104380\/revisions"}],"predecessor-version":[{"id":104381,"href":"https:\/\/www.fuldaernachrichten.de\/index.php?rest_route=\/wp\/v2\/posts\/104380\/revisions\/104381"}],"wp:attachment":[{"href":"https:\/\/www.fuldaernachrichten.de\/index.php?rest_route=%2Fwp%2Fv2%2Fmedia&parent=104380"}],"wp:term":[{"taxonomy":"category","embeddable":true,"href":"https:\/\/www.fuldaernachrichten.de\/index.php?rest_route=%2Fwp%2Fv2%2Fcategories&post=104380"},{"taxonomy":"post_tag","embeddable":true,"href":"https:\/\/www.fuldaernachrichten.de\/index.php?rest_route=%2Fwp%2Fv2%2Ftags&post=104380"}],"curies":[{"name":"wp","href":"https:\/\/api.w.org\/{rel}","templated":true}]}}