{"id":104378,"date":"2012-11-27T00:12:53","date_gmt":"2012-11-27T00:12:53","guid":{"rendered":"http:\/\/www.fuldaer-nachrichten.de\/?p=104378"},"modified":"2012-11-27T08:24:20","modified_gmt":"2012-11-27T08:24:20","slug":"drama-ich-reise-allein-am-30-november","status":"publish","type":"post","link":"https:\/\/www.fuldaernachrichten.de\/?p=104378","title":{"rendered":"Drama &#8220;Ich reise allein&#8221; am 30. November"},"content":{"rendered":"<p><img fetchpriority=\"high\" decoding=\"async\" class=\"alignleft size-thumbnail wp-image-104379\" title=\"plakat_reise_allein\" src=\"http:\/\/www.fuldaer-nachrichten.de\/wp-content\/uploads\/2012\/11\/plakat_reise_allein-265x375.jpg\" alt=\"\" width=\"265\" height=\"375\" srcset=\"https:\/\/www.fuldaernachrichten.de\/wp-content\/uploads\/2012\/11\/plakat_reise_allein-265x375.jpg 265w, https:\/\/www.fuldaernachrichten.de\/wp-content\/uploads\/2012\/11\/plakat_reise_allein-423x600.jpg 423w, https:\/\/www.fuldaernachrichten.de\/wp-content\/uploads\/2012\/11\/plakat_reise_allein.jpg 600w\" sizes=\"(max-width: 265px) 100vw, 265px\" \/>Fulda. Die Kultur- und Kinoinitiative Fulda e.V. zeigt am Freitag, den 30.11.2012 um 20:00 Uhr im Caf\u00e9 Panama in der Langebr\u00fcckenstr. 14, 36037 Fulda, das Drama &#8220;ICH REISE ALLEIN&#8221;. Regie: Stian Kristiansen, Land: Norwegen 2011, Spielzeit: 93 Min., Genre: Drama, FSK: ab 0, Darsteller: Stian Kristiansen, Amina Eleonora Bergrem, P\u00c3\u00a5l Sverre Valheim Hagen, Spielort: Cafe Panama, (Eintritt 4 EUR | erm\u00e4\u00dfigt 3EUR) <!--more--><br \/>\nKurzinhalt: \u201eIch reise allein\u201c erz\u00e4hlt von einer aufbrausenden Zeit wilder Lebensfreude und st\u00fcrmischer Zukunftspl\u00e4ne \u2013 eine Zeit, die vergessen l\u00e4sst, das man nicht alles kontrollieren kann. Ein energiegeladener und herrlich schr\u00e4ger Film voller Wut, voller Leben und voller Hoffnung, dass irgendwann einmal alles gut sein wird.<\/p>\n<p>Der 25-j\u00e4hrige Literaturstudent Jarle f\u00e4llt aus allen Wolken, als eines Tages seine Tochter vor der T\u00fcr steht, die er im Vollrausch auf einer Party vor sieben Jahren unwissentlich gezeugt hat. Nun hat ihre junge Mutter nach einer Trennung die traurige Lotte ganz allein f\u00fcr eine Woche, kurz vor ihrem achten Geburtstag, zum konsternierten Papi geschickt. Der l\u00e4sst das M\u00e4dchen sp\u00fcren, dass er keine Lust auf Verantwortung und Erziehung hat, will er doch seinen Studentenlifestyle zwischen Feiern, Alkohol und hochgestochenen Elaboraten \u00fcber Marcel Proust fortf\u00fchren.<\/p>\n","protected":false},"excerpt":{"rendered":"<div class=\"tmnf_excerpt\"><p>Fulda. Die Kultur- und Kinoinitiative Fulda e.V. zeigt am Freitag, den 30.11.2012 um 20:00 Uhr im Caf\u00e9 Panama in der Langebr\u00fcckenstr. 14, 36037 Fulda, das Drama &#8220;ICH REISE ALLEIN&#8221;. Regie: Stian Kristiansen, Land: Norwegen 2011, Spielzeit: 93 Min., Genre: Drama, FSK: ab 0, Darsteller: Stian Kristiansen, Amina Eleonora Bergrem, P\u00c3\u00a5l Sverre Valheim Hagen, Spielort: Cafe &hellip;<\/p>\n<\/div>","protected":false},"author":1,"featured_media":0,"comment_status":"closed","ping_status":"closed","sticky":false,"template":"","format":"standard","meta":{"footnotes":""},"categories":[1,44],"tags":[],"class_list":["post-104378","post","type-post","status-publish","format-standard","hentry","category-startseite","category-kultur"],"_links":{"self":[{"href":"https:\/\/www.fuldaernachrichten.de\/index.php?rest_route=\/wp\/v2\/posts\/104378","targetHints":{"allow":["GET"]}}],"collection":[{"href":"https:\/\/www.fuldaernachrichten.de\/index.php?rest_route=\/wp\/v2\/posts"}],"about":[{"href":"https:\/\/www.fuldaernachrichten.de\/index.php?rest_route=\/wp\/v2\/types\/post"}],"author":[{"embeddable":true,"href":"https:\/\/www.fuldaernachrichten.de\/index.php?rest_route=\/wp\/v2\/users\/1"}],"replies":[{"embeddable":true,"href":"https:\/\/www.fuldaernachrichten.de\/index.php?rest_route=%2Fwp%2Fv2%2Fcomments&post=104378"}],"version-history":[{"count":0,"href":"https:\/\/www.fuldaernachrichten.de\/index.php?rest_route=\/wp\/v2\/posts\/104378\/revisions"}],"wp:attachment":[{"href":"https:\/\/www.fuldaernachrichten.de\/index.php?rest_route=%2Fwp%2Fv2%2Fmedia&parent=104378"}],"wp:term":[{"taxonomy":"category","embeddable":true,"href":"https:\/\/www.fuldaernachrichten.de\/index.php?rest_route=%2Fwp%2Fv2%2Fcategories&post=104378"},{"taxonomy":"post_tag","embeddable":true,"href":"https:\/\/www.fuldaernachrichten.de\/index.php?rest_route=%2Fwp%2Fv2%2Ftags&post=104378"}],"curies":[{"name":"wp","href":"https:\/\/api.w.org\/{rel}","templated":true}]}}