{"id":104375,"date":"2012-11-27T00:12:10","date_gmt":"2012-11-27T00:12:10","guid":{"rendered":"http:\/\/www.fuldaer-nachrichten.de\/?p=104375"},"modified":"2012-11-27T08:18:01","modified_gmt":"2012-11-27T08:18:01","slug":"weihnachtsbasar-am-1-advent-zugunsten-des-hilfswerkes-brot-fur-die-welt","status":"publish","type":"post","link":"https:\/\/www.fuldaernachrichten.de\/?p=104375","title":{"rendered":"Weihnachtsbasar am 1. Advent zugunsten des Hilfswerkes \u201eBrot f\u00fcr die Welt\u201c"},"content":{"rendered":"<p>Tann. Am 02. Dezember 2012 veranstaltet die Tanner Diakonie gemeinsam mit den Kinderg\u00e4rten der Stadt Tann und dem Bastelkreis der evang. Kirchengemeinde Tann den allj\u00e4hrlichen Weihnachtsbasar rund um das Haus Noah (Tann \u2013Rh\u00f6nstra\u00dfe 28). Ab 14.00 Uhr werden allerlei weihnachtliche Dekoartikel und N\u00fctzliches f\u00fcr Gro\u00df und Klein geboten. In gem\u00fctlicher Atmosph\u00e4re mit Lagerfeuer kann man Bratw\u00fcrste, Waffeln, Gl\u00fchwein und Punsch genie\u00dfen. Zudem erwatet Sie ein gro\u00dfes Buffet an selbstgebackenen Torten und Kuchen. Ab 15.00 Uhr wird f\u00fcr die kleinen G\u00e4ste eine musikalische M\u00e4rchenstunde geboten. Die Verkaufserl\u00f6se flie\u00dfen in die Aktion \u201eBrot f\u00fcr die Welt\u201c des diakonischen Werkes in Kurhessen Waldeck.<\/p>\n","protected":false},"excerpt":{"rendered":"<div class=\"tmnf_excerpt\"><p>Tann. Am 02. Dezember 2012 veranstaltet die Tanner Diakonie gemeinsam mit den Kinderg\u00e4rten der Stadt Tann und dem Bastelkreis der evang. Kirchengemeinde Tann den allj\u00e4hrlichen Weihnachtsbasar rund um das Haus Noah (Tann \u2013Rh\u00f6nstra\u00dfe 28). Ab 14.00 Uhr werden allerlei weihnachtliche Dekoartikel und N\u00fctzliches f\u00fcr Gro\u00df und Klein geboten. In gem\u00fctlicher Atmosph\u00e4re mit Lagerfeuer kann man &hellip;<\/p>\n<\/div>","protected":false},"author":1,"featured_media":0,"comment_status":"closed","ping_status":"closed","sticky":false,"template":"","format":"standard","meta":{"footnotes":""},"categories":[1,44],"tags":[],"class_list":["post-104375","post","type-post","status-publish","format-standard","hentry","category-startseite","category-kultur"],"_links":{"self":[{"href":"https:\/\/www.fuldaernachrichten.de\/index.php?rest_route=\/wp\/v2\/posts\/104375","targetHints":{"allow":["GET"]}}],"collection":[{"href":"https:\/\/www.fuldaernachrichten.de\/index.php?rest_route=\/wp\/v2\/posts"}],"about":[{"href":"https:\/\/www.fuldaernachrichten.de\/index.php?rest_route=\/wp\/v2\/types\/post"}],"author":[{"embeddable":true,"href":"https:\/\/www.fuldaernachrichten.de\/index.php?rest_route=\/wp\/v2\/users\/1"}],"replies":[{"embeddable":true,"href":"https:\/\/www.fuldaernachrichten.de\/index.php?rest_route=%2Fwp%2Fv2%2Fcomments&post=104375"}],"version-history":[{"count":0,"href":"https:\/\/www.fuldaernachrichten.de\/index.php?rest_route=\/wp\/v2\/posts\/104375\/revisions"}],"wp:attachment":[{"href":"https:\/\/www.fuldaernachrichten.de\/index.php?rest_route=%2Fwp%2Fv2%2Fmedia&parent=104375"}],"wp:term":[{"taxonomy":"category","embeddable":true,"href":"https:\/\/www.fuldaernachrichten.de\/index.php?rest_route=%2Fwp%2Fv2%2Fcategories&post=104375"},{"taxonomy":"post_tag","embeddable":true,"href":"https:\/\/www.fuldaernachrichten.de\/index.php?rest_route=%2Fwp%2Fv2%2Ftags&post=104375"}],"curies":[{"name":"wp","href":"https:\/\/api.w.org\/{rel}","templated":true}]}}