{"id":104372,"date":"2012-11-27T00:13:29","date_gmt":"2012-11-27T00:13:29","guid":{"rendered":"http:\/\/www.fuldaer-nachrichten.de\/?p=104372"},"modified":"2012-11-27T08:16:02","modified_gmt":"2012-11-27T08:16:02","slug":"kreativitat-kennt-keine-rente-20-jahre-laienkunst-von-bewohnern-in-st-josef","status":"publish","type":"post","link":"https:\/\/www.fuldaernachrichten.de\/?p=104372","title":{"rendered":"Kreativit\u00e4t kennt keine Rente &#8211; 20 Jahre Laienkunst von Bewohnern in \u201eSt. Josef"},"content":{"rendered":"<p><img decoding=\"async\" class=\"alignleft size-thumbnail wp-image-104373\" title=\"121127_Altenheim\" src=\"http:\/\/www.fuldaer-nachrichten.de\/wp-content\/uploads\/2012\/11\/121127_Altenheim-265x176.jpg\" alt=\"\" width=\"265\" height=\"176\" srcset=\"https:\/\/www.fuldaernachrichten.de\/wp-content\/uploads\/2012\/11\/121127_Altenheim-265x176.jpg 265w, https:\/\/www.fuldaernachrichten.de\/wp-content\/uploads\/2012\/11\/121127_Altenheim.jpg 456w\" sizes=\"(max-width: 265px) 100vw, 265px\" \/>Fulda. Im Caritas Altenpflegeheim \u201eSt. Josef\u201c in Fulda entwickeln und nutzen seit 20 Jahren Hausbewohner unter Anleitung von Margarete Sch\u00f6nherr ihre k\u00fcnstlerischen Talente. Anl\u00e4sslich dieses Jubil\u00e4ums wurde in einer Feierstunde mit Vernissage Margarete Sch\u00f6nherr von der Heimleitung geehrt und eine Ausstellung mit etwa 60 ausgew\u00e4hlten Werken der Bewohner aus verschiedenen Jahren er\u00f6ffnet. Heimleiter Oliver Trousil begr\u00fc\u00dfte als besondere Freunde der \u201eJubilarin\u201c Pater Max Rademacher OFM, die ehemalige B\u00fcrgermeisterin von Gro\u00dfenl\u00fcder Silvia Hillenbrand sowie Dr. Hermann Otterbein.<!--more--><\/p>\n<p>Er wies in seiner Dankesrede darauf hin, dass die von der K\u00fcnstlerin und Kunstp\u00e4dagogin Sch\u00f6nherr 1992 initiierte Malgruppe mittlerweile fester Bestandteil des Heimangebots darstelle und \u00fcber die Grenzen des Hauses hinaus bekannt geworden sei. Ausgew\u00e4hlte Werke seien zum Beispiel fester Bestandteil der j\u00e4hrlichen Seniorenausstellung der Stadt Fulda im Stadtschloss Fulda. Im Jahre 2000 wurden zudem in einem gemeinsamen Malworkshop mit der Kinderakademie Fulda junge und alte Menschen zusammengef\u00fchrt und sp\u00e4ter im Rahmen gemeinsamer Treffen mit den Kindern der benachbarten Kindertagesst\u00e4tte St. Blasius fortgesetzt. Auch die Beteiligung an der Ausstellung \u201eKunst und Caritas\u201c im \u00dcWAG-Kundenzentrum Fulda im Jahre 2009 stellte einen weiteren H\u00f6hepunkt im Schaffen der Gruppe dar.<\/p>\n<p>Als Geheimnis f\u00fcr den Erfolg der Senioren nannte Trousil einerseits die Eigenschaften der teilnehmenden Menschen, sich mit Hingabe und Kreativit\u00e4t regelm\u00e4\u00dfig selbst zu fordern. Aber ganz wesentlich dabei sei oft ein kompetenter, Selbstvertrauen vermittelnder und motivierender Impulsgeber, der Menschen, die kaum oder keine Ber\u00fchrung mit Malerei hatten, eigene F\u00e4higkeiten entdecken zu lassen, zu entwickeln und zu formen versteht, in ihnen Freude am eigenen Schaffen vermittelt und so eine neue Sinnhaftigkeit und Erf\u00fcllung f\u00fcr diesen Menschen sichtbar werden l\u00e4sst.<\/p>\n<p>F\u00fcr das Seniorenheim kamen diese Momente in der Person Margarete Sch\u00f6nherrs zusammen, die in den Sitzungen zu Beginn jeweils die thematischen Aufgabenstellungen den Teilnehmern erkl\u00e4rt, durch wohldosierte, individuelle Begleitung erste Sperren \u00fcberwinden hilft und so letztlich zu individuellen Ergebnissen f\u00fchrt, welche klar die Einzigartigkeit und Individualit\u00e4t des Einzelnen widerspiegeln. Aber auch wunderbare Gemeinschaftsarbeiten zeigen in ihrer Zusammenf\u00fchrung die Ausdruckst\u00e4rke der einzelnen Teilnehmer. Als Zeichen der gro\u00dfen Anerkennung und des Dankes \u00fcberreichte der Heimleiter Margarete Sch\u00f6nherr einen Blumenstrauch mit einem Geschenk. Sie bedankte sich sehr f\u00fcr die W\u00fcrdigung ihrer langj\u00e4hrigen ehrenamtlichen Arbeit und die Durchf\u00fchrung dieser Feier. Dabei wies sie darauf hin, dass sie in all den Jahren es noch niemals erleben musste, Menschen ohne das Verm\u00f6gen, sich k\u00fcnstlerisch auszudr\u00fccken, anzutreffen. Vielmehr konnte sie immer wieder erstaunliche Prozesse bei den einzelnen Teilnehmern feststellen, die manchmal erst im hohen Alter von 80 oder 90 Jahren ihre M\u00f6glichkeiten k\u00fcnstlerischen Schaffens entdeckten.<\/p>\n<p>Allen Mitgliedern des momentan existierenden Malkurses \u00fcberreicht sie gemeinsam mit dem Heimleiter eine Rose als Ausdruck der Anerkennung und des Dankes. Die Feier wurde musikalisch umrahmt durch Tamila Freimann aus Hofbieber und klang mit einem Imbiss und Umtrunk aus.<\/p>\n<p>&nbsp;<\/p>\n","protected":false},"excerpt":{"rendered":"<div class=\"tmnf_excerpt\"><p>Fulda. Im Caritas Altenpflegeheim \u201eSt. Josef\u201c in Fulda entwickeln und nutzen seit 20 Jahren Hausbewohner unter Anleitung von Margarete Sch\u00f6nherr ihre k\u00fcnstlerischen Talente. Anl\u00e4sslich dieses Jubil\u00e4ums wurde in einer Feierstunde mit Vernissage Margarete Sch\u00f6nherr von der Heimleitung geehrt und eine Ausstellung mit etwa 60 ausgew\u00e4hlten Werken der Bewohner aus verschiedenen Jahren er\u00f6ffnet. Heimleiter Oliver Trousil &hellip;<\/p>\n<\/div>","protected":false},"author":1,"featured_media":0,"comment_status":"closed","ping_status":"closed","sticky":false,"template":"","format":"standard","meta":{"footnotes":""},"categories":[1,29],"tags":[],"class_list":["post-104372","post","type-post","status-publish","format-standard","hentry","category-startseite","category-politik"],"_links":{"self":[{"href":"https:\/\/www.fuldaernachrichten.de\/index.php?rest_route=\/wp\/v2\/posts\/104372","targetHints":{"allow":["GET"]}}],"collection":[{"href":"https:\/\/www.fuldaernachrichten.de\/index.php?rest_route=\/wp\/v2\/posts"}],"about":[{"href":"https:\/\/www.fuldaernachrichten.de\/index.php?rest_route=\/wp\/v2\/types\/post"}],"author":[{"embeddable":true,"href":"https:\/\/www.fuldaernachrichten.de\/index.php?rest_route=\/wp\/v2\/users\/1"}],"replies":[{"embeddable":true,"href":"https:\/\/www.fuldaernachrichten.de\/index.php?rest_route=%2Fwp%2Fv2%2Fcomments&post=104372"}],"version-history":[{"count":1,"href":"https:\/\/www.fuldaernachrichten.de\/index.php?rest_route=\/wp\/v2\/posts\/104372\/revisions"}],"predecessor-version":[{"id":104374,"href":"https:\/\/www.fuldaernachrichten.de\/index.php?rest_route=\/wp\/v2\/posts\/104372\/revisions\/104374"}],"wp:attachment":[{"href":"https:\/\/www.fuldaernachrichten.de\/index.php?rest_route=%2Fwp%2Fv2%2Fmedia&parent=104372"}],"wp:term":[{"taxonomy":"category","embeddable":true,"href":"https:\/\/www.fuldaernachrichten.de\/index.php?rest_route=%2Fwp%2Fv2%2Fcategories&post=104372"},{"taxonomy":"post_tag","embeddable":true,"href":"https:\/\/www.fuldaernachrichten.de\/index.php?rest_route=%2Fwp%2Fv2%2Ftags&post=104372"}],"curies":[{"name":"wp","href":"https:\/\/api.w.org\/{rel}","templated":true}]}}