{"id":104363,"date":"2012-11-27T00:12:22","date_gmt":"2012-11-27T00:12:22","guid":{"rendered":"http:\/\/www.fuldaer-nachrichten.de\/?p=104363"},"modified":"2012-11-27T08:05:02","modified_gmt":"2012-11-27T08:05:02","slug":"zunehmender-beratungsbedarf-beim-pflegestutzpunkt-auch-inklusion-thema-im-kreistagsausschuss-fur-arbeit-gesundheit-und-soziales","status":"publish","type":"post","link":"https:\/\/www.fuldaernachrichten.de\/?p=104363","title":{"rendered":"Zunehmender Beratungsbedarf beim Pflegest\u00fctzpunkt &#8211; Auch Inklusion Thema im Kreistagsausschuss f\u00fcr Arbeit, Gesundheit und Soziales"},"content":{"rendered":"<p>Fulda. Mit einer weiter steigenden Inanspruchnahme des Pflegest\u00fctzpunktes in gemeinsamer Tr\u00e4gerschaft der gesetzlichen Kranken- und Pflegekassen sowie des Landkreises Fulda rechnet Erster Kreisbeigeordneter Dr. Heiko Wingenfeld. Als Grund nannte er in der Sitzung des Ausschusses f\u00fcr Arbeit, Gesundheit und Soziales den zunehmenden Beratungsbedarf einer \u00e4lter werdenden Gesellschaft bei Fragen rund um die Themen Pflege und Versorgung.<!--more--><\/p>\n<p>In der Ausschusssitzung bezifferte Diplom-Sozialarbeiter Martin Kersting. Mitarbeiter des Landkreises beim Pflegest\u00fctzpunkt im Zentrum Vital, die Zahl der pflegebed\u00fcrftigen Menschen im Landkreis Fulda auf 7.350. Dies sind 3,4 Prozent der Gesamtbev\u00f6lkerung. Davon werden 73,5 Prozent ambulant und 26,5 Prozent station\u00e4r versorgt. Die Kontaktaufnahme mit dem Pflegest\u00fctzpunkt erfolgt zumeist telefonisch durch die Angeh\u00f6rigen. Gem\u00e4\u00df des Grundsatzes \u201eDie Hilfe zu den Menschen bringen\u201c findet die Pflege- und Sozialberatung vor allem bei den Betroffenen zu Hause statt.<\/p>\n<p>Der Einrichtung von Au\u00dfensprechstunden steht Kersting skeptisch gegen\u00fcber. \u201eWir d\u00fcrfen uns nicht verzetteln.\u201c Vielmehr sollte die Zentrale gest\u00e4rkt werden, wie dies beispielsweise durch eine Jahrespraktikantin geschehe, die sich um den Aufbau einer interaktiven Homepage k\u00fcmmere. Laut Aussage von Dr. Wingenfeld m\u00fcssten vor weiteren Ma\u00dfnahmen zus\u00e4tzliche Erfahrungswerte abgewartet werden. Es gehe nicht nur um den Ausbau einer qualifizierten Pflegeberatung, sondern auch um die Gewinnung von Pflegekr\u00e4ften.<\/p>\n<p>Auch besch\u00e4ftigte sich der Ausschuss unter Vorsitz von Dag Wehner mit den Auswirkungen der Neufassung des Hessischen Schulgesetzes im Bereich Inklusion. Landrat Bernd Woide machte deutlich, dass der Landkreis bereits viel f\u00fcr Kinder mit sonderp\u00e4dagogischem F\u00f6rderbedarf tue. Im Mittelpunkt aller Bem\u00fchungen m\u00fcsse auch vor dem Hintergrund eines gut ausgebauten F\u00f6rderschulsystems stets das Wohl des Kindes stehen. Wegen der sehr unterschiedlichen Behinderungsformen und F\u00f6rderschwerpunkte k\u00f6nne es \u201ekeine Automatismen, sondern nur individuelle L\u00f6sungen\u201c geben.<\/p>\n<p>Marion Frohnapfel vom Fachdienst Schulen der Kreisverwaltung wies darauf hin, dass der Landkreis als Schultr\u00e4ger dann ein Mitspracherecht \u00fcber Art, Umfang und Organisation der sonderp\u00e4dagogischen F\u00f6rderung habe, wenn besondere r\u00e4umliche und s\u00e4chliche Leistungen erforderlich seien. In der \u00fcberwiegenden Mehrzahl der F\u00e4lle gehe es um die Sicherstellung der beim staatlichen Schulamt angesiedelten Lehrerversorgung. Zurzeit w\u00fcrden 63 Kinder inklusiv beschult, wobei der Landkreis Fulda bei sechs Verfahren mitgewirkt habe. Hinzu k\u00e4men 59 bereits laufende Integrationsma\u00dfnahmen.<\/p>\n<p>Nach Angaben des Fachbereichsleiters Arbeit und Soziales, J\u00fcrgen Stock, finanziert der Landkreis insgesamt sogenannte 115 Teilhabeassistenzen an Regel- und F\u00f6rderschulen sowie an der Pestalozzischule in Fulda und der Vinzenz-von-Paul-Schule in H\u00fcnfeld. Bei k\u00f6rperlich und\/oder geistig behinderten Kindern und Jugendlichen w\u00fcrden die Kosten im Rahmen der Sozialhilfetr\u00e4gerschaft, bei seelisch behinderten Kindern und Jugendlichen im Rahmen der Jugendhilfetr\u00e4gerschaft \u00fcbernommen. Pro Fall und Jahr k\u00f6nnten die durchschnittlichen Aufwendungen \u00fcber 10.000 Euro betragen.<\/p>\n","protected":false},"excerpt":{"rendered":"<div class=\"tmnf_excerpt\"><p>Fulda. Mit einer weiter steigenden Inanspruchnahme des Pflegest\u00fctzpunktes in gemeinsamer Tr\u00e4gerschaft der gesetzlichen Kranken- und Pflegekassen sowie des Landkreises Fulda rechnet Erster Kreisbeigeordneter Dr. Heiko Wingenfeld. Als Grund nannte er in der Sitzung des Ausschusses f\u00fcr Arbeit, Gesundheit und Soziales den zunehmenden Beratungsbedarf einer \u00e4lter werdenden Gesellschaft bei Fragen rund um die Themen Pflege und &hellip;<\/p>\n<\/div>","protected":false},"author":1,"featured_media":0,"comment_status":"closed","ping_status":"closed","sticky":false,"template":"","format":"standard","meta":{"footnotes":""},"categories":[1,29],"tags":[],"class_list":["post-104363","post","type-post","status-publish","format-standard","hentry","category-startseite","category-politik"],"_links":{"self":[{"href":"https:\/\/www.fuldaernachrichten.de\/index.php?rest_route=\/wp\/v2\/posts\/104363","targetHints":{"allow":["GET"]}}],"collection":[{"href":"https:\/\/www.fuldaernachrichten.de\/index.php?rest_route=\/wp\/v2\/posts"}],"about":[{"href":"https:\/\/www.fuldaernachrichten.de\/index.php?rest_route=\/wp\/v2\/types\/post"}],"author":[{"embeddable":true,"href":"https:\/\/www.fuldaernachrichten.de\/index.php?rest_route=\/wp\/v2\/users\/1"}],"replies":[{"embeddable":true,"href":"https:\/\/www.fuldaernachrichten.de\/index.php?rest_route=%2Fwp%2Fv2%2Fcomments&post=104363"}],"version-history":[{"count":0,"href":"https:\/\/www.fuldaernachrichten.de\/index.php?rest_route=\/wp\/v2\/posts\/104363\/revisions"}],"wp:attachment":[{"href":"https:\/\/www.fuldaernachrichten.de\/index.php?rest_route=%2Fwp%2Fv2%2Fmedia&parent=104363"}],"wp:term":[{"taxonomy":"category","embeddable":true,"href":"https:\/\/www.fuldaernachrichten.de\/index.php?rest_route=%2Fwp%2Fv2%2Fcategories&post=104363"},{"taxonomy":"post_tag","embeddable":true,"href":"https:\/\/www.fuldaernachrichten.de\/index.php?rest_route=%2Fwp%2Fv2%2Ftags&post=104363"}],"curies":[{"name":"wp","href":"https:\/\/api.w.org\/{rel}","templated":true}]}}