{"id":104357,"date":"2012-11-27T00:12:59","date_gmt":"2012-11-27T00:12:59","guid":{"rendered":"http:\/\/www.fuldaer-nachrichten.de\/?p=104357"},"modified":"2012-11-27T07:59:59","modified_gmt":"2012-11-27T07:59:59","slug":"eigentumerverein-stellt-sich-vor-infoabend-von-haus-grund-rhon-e-v-in-hilders-2","status":"publish","type":"post","link":"https:\/\/www.fuldaernachrichten.de\/?p=104357","title":{"rendered":"Eigent\u00fcmerverein stellt sich vor Infoabend von Haus &#038; Grund Rh\u00f6n e.V. in Hilders"},"content":{"rendered":"<p><strong><img fetchpriority=\"high\" decoding=\"async\" class=\"alignleft size-thumbnail wp-image-104358\" title=\"Dr-Wagner-und-Marco-Rausch-mit-Hubert-Blum\" src=\"http:\/\/www.fuldaer-nachrichten.de\/wp-content\/uploads\/2012\/11\/Dr-Wagner-und-Marco-Rausch-mit-Hubert-Blum-265x341.jpg\" alt=\"\" width=\"265\" height=\"341\" srcset=\"https:\/\/www.fuldaernachrichten.de\/wp-content\/uploads\/2012\/11\/Dr-Wagner-und-Marco-Rausch-mit-Hubert-Blum-265x341.jpg 265w, https:\/\/www.fuldaernachrichten.de\/wp-content\/uploads\/2012\/11\/Dr-Wagner-und-Marco-Rausch-mit-Hubert-Blum-205x265.jpg 205w, https:\/\/www.fuldaernachrichten.de\/wp-content\/uploads\/2012\/11\/Dr-Wagner-und-Marco-Rausch-mit-Hubert-Blum.jpg 592w\" sizes=\"(max-width: 265px) 100vw, 265px\" \/>Hilders<\/strong>. Mietrechtsnovelle, Steuerrechts\u00e4nderungen und allgemeine Informationen f\u00fcr Immobilienbesitzer: Das Themenspektrum anl\u00e4sslich des ersten Infoabends von Haus &amp; Grund Rh\u00f6n e.V. in Hilders war breit gef\u00e4chert. Die 1. Vorsitzende, Dr. Sylke Wagner, informierte \u00fcber die Ziele und Arbeitsweise des 2011 gegr\u00fcndeten Vereins und bot einen Einblick in die Mietrechtsnovelle, die voraussichtlich zum 1.1.2013 in Kraft tritt. Dabei erl\u00e4uterte die Juristin vielf\u00e4ltige Vorteile, die sich durch die Gesetzes\u00e4nderung f\u00fcr die Vermieter ergeben. <!--more--><\/p>\n<p>So wird es den Vermietern etwa erleichtert, Renovierungsarbeiten vorzunehmen: \u201eBei energetischen Sanierungsarbeiten haben Mieter drei Monate lang keinen Anspruch auf Mietminderung.\u201c\u00c2\u00a0 Marco Rausch, Steuerberater und 2. Vorsitzender, versorgte das Publikum mit steuerrechtlichen Tipps. In einem Vortrag zum Thema \u201eMietnomaden\u201c wird die Informationsreihe f\u00fcr interessierte Hauseigent\u00fcmer und Vermieter am Mittwoch, 23. Januar um 19.00 Uhr in der R\u00e4umlichkeiten der Alten Schule, Schulstra\u00dfe 2 in Hilders fortgesetzt.<\/p>\n<p>Foto: Pr\u00e4sentierten sich erstmals in Hilders: Die Vorsitzenden von Haus &amp; Grund Rh\u00f6n, Dr. Sylke Wagner und Marco Rausch (rechts), mit dem Hilderser B\u00fcrgermeister Hubert Blum.<\/p>\n<p>&nbsp;<\/p>\n","protected":false},"excerpt":{"rendered":"<div class=\"tmnf_excerpt\"><p>Hilders. Mietrechtsnovelle, Steuerrechts\u00e4nderungen und allgemeine Informationen f\u00fcr Immobilienbesitzer: Das Themenspektrum anl\u00e4sslich des ersten Infoabends von Haus &amp; Grund Rh\u00f6n e.V. in Hilders war breit gef\u00e4chert. Die 1. Vorsitzende, Dr. Sylke Wagner, informierte \u00fcber die Ziele und Arbeitsweise des 2011 gegr\u00fcndeten Vereins und bot einen Einblick in die Mietrechtsnovelle, die voraussichtlich zum 1.1.2013 in Kraft tritt. &hellip;<\/p>\n<\/div>","protected":false},"author":1,"featured_media":0,"comment_status":"closed","ping_status":"closed","sticky":false,"template":"","format":"standard","meta":{"footnotes":""},"categories":[1,29],"tags":[],"class_list":["post-104357","post","type-post","status-publish","format-standard","hentry","category-startseite","category-politik"],"_links":{"self":[{"href":"https:\/\/www.fuldaernachrichten.de\/index.php?rest_route=\/wp\/v2\/posts\/104357","targetHints":{"allow":["GET"]}}],"collection":[{"href":"https:\/\/www.fuldaernachrichten.de\/index.php?rest_route=\/wp\/v2\/posts"}],"about":[{"href":"https:\/\/www.fuldaernachrichten.de\/index.php?rest_route=\/wp\/v2\/types\/post"}],"author":[{"embeddable":true,"href":"https:\/\/www.fuldaernachrichten.de\/index.php?rest_route=\/wp\/v2\/users\/1"}],"replies":[{"embeddable":true,"href":"https:\/\/www.fuldaernachrichten.de\/index.php?rest_route=%2Fwp%2Fv2%2Fcomments&post=104357"}],"version-history":[{"count":0,"href":"https:\/\/www.fuldaernachrichten.de\/index.php?rest_route=\/wp\/v2\/posts\/104357\/revisions"}],"wp:attachment":[{"href":"https:\/\/www.fuldaernachrichten.de\/index.php?rest_route=%2Fwp%2Fv2%2Fmedia&parent=104357"}],"wp:term":[{"taxonomy":"category","embeddable":true,"href":"https:\/\/www.fuldaernachrichten.de\/index.php?rest_route=%2Fwp%2Fv2%2Fcategories&post=104357"},{"taxonomy":"post_tag","embeddable":true,"href":"https:\/\/www.fuldaernachrichten.de\/index.php?rest_route=%2Fwp%2Fv2%2Ftags&post=104357"}],"curies":[{"name":"wp","href":"https:\/\/api.w.org\/{rel}","templated":true}]}}