{"id":104355,"date":"2012-11-27T00:10:40","date_gmt":"2012-11-27T00:10:40","guid":{"rendered":"http:\/\/www.fuldaer-nachrichten.de\/?p=104355"},"modified":"2012-11-27T07:58:04","modified_gmt":"2012-11-27T07:58:04","slug":"caritas-vertreterversammlung-2012-vertreter-zogen-positives-fazit","status":"publish","type":"post","link":"https:\/\/www.fuldaernachrichten.de\/?p=104355","title":{"rendered":"Caritas-Vertreterversammlung 2012: Vertreter zogen positives Fazit"},"content":{"rendered":"<p><strong>Fulda (cif).<\/strong> Satzungsgem\u00e4\u00df kamen k\u00fcrzlich die Vertreter der Pfarrgemeinden, der angeschlossenen Verb\u00e4nde und korporativen Mitglieder des Caritasverbandes f\u00fcr die Di\u00f6zese Fulda zur diesj\u00e4hrigen Vertreterversammlung zusammen. Die Tagung fand diesmal in den R\u00e4umen der Behindertenhilfe und Psychiatrie in der Ratgarstra\u00dfe 13 statt.<!--more--><\/p>\n<p>Nach Begr\u00fc\u00dfung durch den Aufsichtsratsvorsitzenden des Caritasverbandes, Msgr. Elmar Gurk, berichtete Di\u00f6zesan-Caritasdirektor Dr. Markus Juch \u00fcber das\u00c2\u00a0 abgelaufene Gesch\u00e4ftsjahr 2011 sowie \u00fcber die Entwicklung der Caritas-Arbeit im noch laufenden Jahr 2012. Einen Schwerpunkt seiner Ausf\u00fchrungen stellten dabei das sozialpolitische Engagement der osthessischen Caritas sowie die spitzenverbandliche Arbeit dar. Ein weiteres Thema, das Caritasdirektor Juch erkl\u00e4rterma\u00dfen in den Vordergrund stellte, war das Qualit\u00e4tsmanagement in den verschiedenen Arbeitsfeldern der Caritas.<\/p>\n<p>Die Arbeit von Vorstand und Aufsichtsrat einschlie\u00dflich des Finanz-Jahresabschlusses wurde vom Plenum der Vertreter positiv bewertet. Entsprechend erteilten sie abschlie\u00dfend den beiden Organen die f\u00f6rmliche Entlastung. In der Versammlung wurde bereits angek\u00fcndigt, dass 2013 \u2013 nach Ablauf der sechsj\u00e4hrigen Amtszeit \u2013 turnusgem\u00e4\u00df die Neuwahlen f\u00fcr die Mitglieder der Vertreterversammlung des Di\u00f6zesan-Caritasverbandes durchgef\u00fchrt werden. Dabei werden die aktuellen kirchengemeindlichen Strukturen im Bistum Ber\u00fccksichtigung finden.<\/p>\n","protected":false},"excerpt":{"rendered":"<div class=\"tmnf_excerpt\"><p>Fulda (cif). Satzungsgem\u00e4\u00df kamen k\u00fcrzlich die Vertreter der Pfarrgemeinden, der angeschlossenen Verb\u00e4nde und korporativen Mitglieder des Caritasverbandes f\u00fcr die Di\u00f6zese Fulda zur diesj\u00e4hrigen Vertreterversammlung zusammen. Die Tagung fand diesmal in den R\u00e4umen der Behindertenhilfe und Psychiatrie in der Ratgarstra\u00dfe 13 statt.<\/p>\n<\/div>","protected":false},"author":1,"featured_media":0,"comment_status":"closed","ping_status":"closed","sticky":false,"template":"","format":"standard","meta":{"footnotes":""},"categories":[1,50],"tags":[],"class_list":["post-104355","post","type-post","status-publish","format-standard","hentry","category-startseite","category-kirche"],"_links":{"self":[{"href":"https:\/\/www.fuldaernachrichten.de\/index.php?rest_route=\/wp\/v2\/posts\/104355","targetHints":{"allow":["GET"]}}],"collection":[{"href":"https:\/\/www.fuldaernachrichten.de\/index.php?rest_route=\/wp\/v2\/posts"}],"about":[{"href":"https:\/\/www.fuldaernachrichten.de\/index.php?rest_route=\/wp\/v2\/types\/post"}],"author":[{"embeddable":true,"href":"https:\/\/www.fuldaernachrichten.de\/index.php?rest_route=\/wp\/v2\/users\/1"}],"replies":[{"embeddable":true,"href":"https:\/\/www.fuldaernachrichten.de\/index.php?rest_route=%2Fwp%2Fv2%2Fcomments&post=104355"}],"version-history":[{"count":0,"href":"https:\/\/www.fuldaernachrichten.de\/index.php?rest_route=\/wp\/v2\/posts\/104355\/revisions"}],"wp:attachment":[{"href":"https:\/\/www.fuldaernachrichten.de\/index.php?rest_route=%2Fwp%2Fv2%2Fmedia&parent=104355"}],"wp:term":[{"taxonomy":"category","embeddable":true,"href":"https:\/\/www.fuldaernachrichten.de\/index.php?rest_route=%2Fwp%2Fv2%2Fcategories&post=104355"},{"taxonomy":"post_tag","embeddable":true,"href":"https:\/\/www.fuldaernachrichten.de\/index.php?rest_route=%2Fwp%2Fv2%2Ftags&post=104355"}],"curies":[{"name":"wp","href":"https:\/\/api.w.org\/{rel}","templated":true}]}}