{"id":104346,"date":"2012-11-26T00:09:37","date_gmt":"2012-11-26T00:09:37","guid":{"rendered":"http:\/\/www.fuldaer-nachrichten.de\/?p=104346"},"modified":"2012-11-26T08:21:13","modified_gmt":"2012-11-26T08:21:13","slug":"marianum-fulda-bei-regionalwettbewerb-der-weltweiten-first-lego-league","status":"publish","type":"post","link":"https:\/\/www.fuldaernachrichten.de\/?p=104346","title":{"rendered":"Marianum Fulda bei Regionalwettbewerb der weltweiten First Lego League an der FH Schmalkalden"},"content":{"rendered":"<p><img fetchpriority=\"high\" decoding=\"async\" class=\"alignnone size-full wp-image-104351\" title=\"Begeisterung-pur\" src=\"http:\/\/www.fuldaer-nachrichten.de\/wp-content\/uploads\/2012\/11\/Begeisterung-pur.jpg\" alt=\"\" width=\"560\" height=\"365\" \/>Fulda\/Schmalkalden. Zehn Jugendliche der Klassen 7-10 des Marianums Fulda haben sich mit Coach Christian Heil f\u00fcr den Regionalwettbewerb der \u201eFLL\u201c (First Lego League) angemeldet. Dieser fand, wie die letzten drei Jahre, an der Fachhochschule Schmalkalden statt. Lehrer Christian Heil sagte: \u201eIch bin begeistert, was die Jungs allein alles auf die Beine stellen.\u201c<!--more--><\/p>\n<p>Acht Schulen aus Osthessen, drei stellte die Rh\u00f6nschule Gersfeld, und Th\u00fcringen mussten sich vier verschiedenen Disziplinen stellen. Im Mittelpunkt des Wettkampfs stand das Robo-Game. Die Sch\u00fclerteams hatten in einer rund achtw\u00f6chigen Vorbereitungsphase Roboter aus Lego gebaut und programmiert. Diese mussten dann im Wettkampf automatisch in 2:30 min bestimmte Aufgaben auf dem 115cm x 235cm gro\u00dfen Spielfeld erf\u00fcllen. Der 13-j\u00e4hrige Kilian meinte fasziniert: \u201eDer Wettkampf mit den Robotern, der war aufregend und spannend!\u201c<\/p>\n<p><img decoding=\"async\" class=\"alignnone size-thumbnail wp-image-104349\" title=\"Letztes_Handanlegen\" src=\"http:\/\/www.fuldaer-nachrichten.de\/wp-content\/uploads\/2012\/11\/Letztes_Handanlegen-265x176.jpg\" alt=\"\" width=\"265\" height=\"176\" srcset=\"https:\/\/www.fuldaernachrichten.de\/wp-content\/uploads\/2012\/11\/Letztes_Handanlegen-265x176.jpg 265w, https:\/\/www.fuldaernachrichten.de\/wp-content\/uploads\/2012\/11\/Letztes_Handanlegen.jpg 592w\" sizes=\"(max-width: 265px) 100vw, 265px\" \/> <img decoding=\"async\" class=\"alignnone size-thumbnail wp-image-104347\" title=\"Forschungsauftrag_Pressekonferenz\" src=\"http:\/\/www.fuldaer-nachrichten.de\/wp-content\/uploads\/2012\/11\/Forschungsauftrag_Pressekonferenz-265x176.jpg\" alt=\"\" width=\"265\" height=\"176\" srcset=\"https:\/\/www.fuldaernachrichten.de\/wp-content\/uploads\/2012\/11\/Forschungsauftrag_Pressekonferenz-265x176.jpg 265w, https:\/\/www.fuldaernachrichten.de\/wp-content\/uploads\/2012\/11\/Forschungsauftrag_Pressekonferenz.jpg 592w\" sizes=\"(max-width: 265px) 100vw, 265px\" \/><\/p>\n<p>Gem\u00e4\u00df ihres mit Trommelschl\u00e4gen begleiteten Teamrufs \u201eEins, zwei, drei, vier &#8211; dieses Spiel gewinnen wir\u201c konnte die Jugendlichen des Marianums auch den Ehren-Preis f\u00fcr das mit 280 Punkten beste \u201eRobot-Game\u201c gewinnen. Das Marianum Fulda stellte jetzt bereits zum dritten Mal eine Mannschaft f\u00fcr die weltweite \u201eFLL\u201c. Sie geh\u00f6ren damit zu den 793 Teams, die in Zentraleuropa gegeneinander antreten. Rund um den Globus gibt es in 54 L\u00e4ndern rund 20.000 Teams.<\/p>\n<p>Neben dem \u201eRobo-Game\u201c mussten sich die Teams noch drei weiteren Aufgaben stellen. Einmal wurde von den Pr\u00fcfern die Leistungsf\u00e4higkeit und Art der Programmierung des Roboters gepr\u00fcft. Dann musste sich das Team einer Kooperationsaufgabe stellen, bei der besonders auf das Miteinander im Team geachtet wurde. Hier belegten die \u201eMarBots\u201c aus Fulda den zweiten Rang. Passend zum Motto des Marianums \u201eDie pers\u00f6nliche Schule\u201c ein Erfolg, der nicht gering eingesch\u00e4tzt werden sollte.<\/p>\n<p><img loading=\"lazy\" decoding=\"async\" class=\"alignleft size-thumbnail wp-image-104350\" title=\"Siegerlauf_280Punkte\" src=\"http:\/\/www.fuldaer-nachrichten.de\/wp-content\/uploads\/2012\/11\/Siegerlauf_280Punkte-265x176.jpg\" alt=\"\" width=\"265\" height=\"176\" srcset=\"https:\/\/www.fuldaernachrichten.de\/wp-content\/uploads\/2012\/11\/Siegerlauf_280Punkte-265x176.jpg 265w, https:\/\/www.fuldaernachrichten.de\/wp-content\/uploads\/2012\/11\/Siegerlauf_280Punkte.jpg 592w\" sizes=\"(max-width: 265px) 100vw, 265px\" \/>Ein weiterer Meilenstein f\u00fcr das Gesamtergebnis war schlie\u00dflich noch der Forschungsauftrag. Unter dem Motto \u201eSenior Solutions\u201c wurde in den letzten Wochen und Monaten von den Jugendlichen des Marianums die \u201eSeniorwatch\u201c projektiert. Diese hochmoderne Uhr sollte Senioren durch Sprachsteuerung, Notfalltaste und medizinische Kontrollfunktionen einfach Hochtechnisiertes an die Hand geben. Die Jury war begeistert von dem selbst gedrehtem Video und der Punktlandung in der genau f\u00fcnf Minuten dauernden Pr\u00e4sentation. Da der Innovationsgrad dieser \u201eSenior Solution\u201c aber nicht sehr hoch war, schafften die \u201eMarBots\u201c es in dieser Disziplin nicht unter die ersten Drei.<\/p>\n<p><img loading=\"lazy\" decoding=\"async\" class=\"alignleft size-thumbnail wp-image-104348\" title=\"Gruppe_Audimax_k\" src=\"http:\/\/www.fuldaer-nachrichten.de\/wp-content\/uploads\/2012\/11\/Gruppe_Audimax_k-265x334.jpg\" alt=\"\" width=\"265\" height=\"334\" srcset=\"https:\/\/www.fuldaernachrichten.de\/wp-content\/uploads\/2012\/11\/Gruppe_Audimax_k-265x334.jpg 265w, https:\/\/www.fuldaernachrichten.de\/wp-content\/uploads\/2012\/11\/Gruppe_Audimax_k-210x265.jpg 210w, https:\/\/www.fuldaernachrichten.de\/wp-content\/uploads\/2012\/11\/Gruppe_Audimax_k.jpg 399w\" sizes=\"(max-width: 265px) 100vw, 265px\" \/>Mit rund 100 Jugendlichen, Coaches und Eltern hatte man zusammen im Audimax der Fachhochschule Schmalkalden auf die Ergebnisse gefiebert. Zu gern w\u00e4ren die \u201eMarBots\u201c des Marianums Fulda nach Berlin zu den folgenden Semifinals gefahren. Diese Reise werden die Sieger \u201eR2D2\u201c der Goetheschule in Ilmenau antreten, die vor den \u201eJenstars\u201c der Lobdeburgschule Jena Sieger des Gesamtwettbewerbs geworden sind. Dritter wurden wie letztes Jahr die \u201eMarBots\u201c des Marianums Fulda.<\/p>\n<p>Entt\u00e4uschung bei den \u201eMarBots\u201c? Nat\u00fcrlich, die gab es auch. Aber \u00fcberwogen hat die Freude, Gro\u00dfes erreicht zu haben und zu wissen: N\u00e4chstes Jahr sind sie wieder dabei und hoffen und singen: \u201eEins, zwei, drei, vier &#8211; dieses Spiel gewinnen wir!\u201c<\/p>\n<p>Fotos: Marianum<\/p>\n","protected":false},"excerpt":{"rendered":"<div class=\"tmnf_excerpt\"><p>Fulda\/Schmalkalden. Zehn Jugendliche der Klassen 7-10 des Marianums Fulda haben sich mit Coach Christian Heil f\u00fcr den Regionalwettbewerb der \u201eFLL\u201c (First Lego League) angemeldet. Dieser fand, wie die letzten drei Jahre, an der Fachhochschule Schmalkalden statt. Lehrer Christian Heil sagte: \u201eIch bin begeistert, was die Jungs allein alles auf die Beine stellen.\u201c<\/p>\n<\/div>","protected":false},"author":1,"featured_media":0,"comment_status":"closed","ping_status":"closed","sticky":false,"template":"","format":"standard","meta":{"footnotes":""},"categories":[1,53,78],"tags":[],"class_list":["post-104346","post","type-post","status-publish","format-standard","hentry","category-startseite","category-bildung","category-topthema"],"_links":{"self":[{"href":"https:\/\/www.fuldaernachrichten.de\/index.php?rest_route=\/wp\/v2\/posts\/104346","targetHints":{"allow":["GET"]}}],"collection":[{"href":"https:\/\/www.fuldaernachrichten.de\/index.php?rest_route=\/wp\/v2\/posts"}],"about":[{"href":"https:\/\/www.fuldaernachrichten.de\/index.php?rest_route=\/wp\/v2\/types\/post"}],"author":[{"embeddable":true,"href":"https:\/\/www.fuldaernachrichten.de\/index.php?rest_route=\/wp\/v2\/users\/1"}],"replies":[{"embeddable":true,"href":"https:\/\/www.fuldaernachrichten.de\/index.php?rest_route=%2Fwp%2Fv2%2Fcomments&post=104346"}],"version-history":[{"count":0,"href":"https:\/\/www.fuldaernachrichten.de\/index.php?rest_route=\/wp\/v2\/posts\/104346\/revisions"}],"wp:attachment":[{"href":"https:\/\/www.fuldaernachrichten.de\/index.php?rest_route=%2Fwp%2Fv2%2Fmedia&parent=104346"}],"wp:term":[{"taxonomy":"category","embeddable":true,"href":"https:\/\/www.fuldaernachrichten.de\/index.php?rest_route=%2Fwp%2Fv2%2Fcategories&post=104346"},{"taxonomy":"post_tag","embeddable":true,"href":"https:\/\/www.fuldaernachrichten.de\/index.php?rest_route=%2Fwp%2Fv2%2Ftags&post=104346"}],"curies":[{"name":"wp","href":"https:\/\/api.w.org\/{rel}","templated":true}]}}