{"id":104345,"date":"2012-11-26T00:10:22","date_gmt":"2012-11-26T00:10:22","guid":{"rendered":"http:\/\/www.fuldaer-nachrichten.de\/?p=104345"},"modified":"2012-11-26T08:16:23","modified_gmt":"2012-11-26T08:16:23","slug":"buntes-programm-zieht-10-000-besucher-zur-agilia-premiere","status":"publish","type":"post","link":"https:\/\/www.fuldaernachrichten.de\/?p=104345","title":{"rendered":"Buntes Programm zieht 10.000 Besucher zur agilia-Premiere"},"content":{"rendered":"<p>Wiesbaden. Hochwertige M\u00f6bel, teure Autos, Reisen, Wellness, dazu ein buntes Programm mit Stars und Sternchen. Die Premiere der agilia ist gegl\u00fcckt. Rund 10.000 Besucher folgten der Einladung, sich in den Rhein-Main-Hallen zu unterhalten und zu informieren. Es wurde gefeiert, getanzt, gelacht, aber auch informiert und gekauft. \u201eAuch der gr\u00f6\u00dfte Teil der Aussteller ist mit dem Verlauf der agilia zufrieden und wir machen uns nach ein paar Erholungstagen an die Vorbereitung zur agilia 2013\u201c, so Veranstalter Ulf Hofes.<!--more--><\/p>\n<p>Den Veranstaltern war es gelungen, fast 10.000 Besucher in die Hallen zu locken und mit rund mehr als 100 Shows und Vortr\u00e4gen zu unterhalten. Gut 200 Aussteller zeigten dar\u00fcber hinaus eine bunte Palette an Waren und Informationen bereit. Von Pelzen \u00fcber Ferrari bis hin zu Erotik-Fotos, Wellness-Tempeln und Grabpflege reichte das Angebot.<\/p>\n<p>H\u00f6hepunkte waren erwartungsgem\u00e4\u00df die Auftritte von Chris Roberts, Mary Roos und Tommi Steiner. Satte zwei Stunden lang glich die Halle 1 einer Party-Meile. Voll mit Menschen, die tanzten, mitsangen und feierten. Am Samstag wiederholte sich das Bild, als die Abba-Revival-Formation \u201eAbba da Capo\u201c das Publikum mit den gro\u00dfen Hits der 70er in vergangene Zeiten entf\u00fchrte. HR-Kultmoderator Heinz G\u00fcnther Heygen schloss zwei Tage voller Spa\u00df und Infos mit dem hr4-Tanztee ab. Die Besucher konnten ein letztes Mal das Tanzbein schwingen. \u201eDiese Mischung aus tollen Konzerten, interessanten Vortr\u00e4gen und sehenswerten Darbietungen haben mich auf die agilia aufmerksam gemacht. Und eingekauft habe ich auch noch ordentlich\u201c, \u00e4u\u00dferte sich einer der zahlreichen Besucher der Premiere.<\/p>\n<p>&nbsp;<\/p>\n","protected":false},"excerpt":{"rendered":"<div class=\"tmnf_excerpt\"><p>Wiesbaden. Hochwertige M\u00f6bel, teure Autos, Reisen, Wellness, dazu ein buntes Programm mit Stars und Sternchen. Die Premiere der agilia ist gegl\u00fcckt. Rund 10.000 Besucher folgten der Einladung, sich in den Rhein-Main-Hallen zu unterhalten und zu informieren. Es wurde gefeiert, getanzt, gelacht, aber auch informiert und gekauft. \u201eAuch der gr\u00f6\u00dfte Teil der Aussteller ist mit dem &hellip;<\/p>\n<\/div>","protected":false},"author":1,"featured_media":0,"comment_status":"closed","ping_status":"closed","sticky":false,"template":"","format":"standard","meta":{"footnotes":""},"categories":[1],"tags":[],"class_list":["post-104345","post","type-post","status-publish","format-standard","hentry","category-startseite"],"_links":{"self":[{"href":"https:\/\/www.fuldaernachrichten.de\/index.php?rest_route=\/wp\/v2\/posts\/104345","targetHints":{"allow":["GET"]}}],"collection":[{"href":"https:\/\/www.fuldaernachrichten.de\/index.php?rest_route=\/wp\/v2\/posts"}],"about":[{"href":"https:\/\/www.fuldaernachrichten.de\/index.php?rest_route=\/wp\/v2\/types\/post"}],"author":[{"embeddable":true,"href":"https:\/\/www.fuldaernachrichten.de\/index.php?rest_route=\/wp\/v2\/users\/1"}],"replies":[{"embeddable":true,"href":"https:\/\/www.fuldaernachrichten.de\/index.php?rest_route=%2Fwp%2Fv2%2Fcomments&post=104345"}],"version-history":[{"count":0,"href":"https:\/\/www.fuldaernachrichten.de\/index.php?rest_route=\/wp\/v2\/posts\/104345\/revisions"}],"wp:attachment":[{"href":"https:\/\/www.fuldaernachrichten.de\/index.php?rest_route=%2Fwp%2Fv2%2Fmedia&parent=104345"}],"wp:term":[{"taxonomy":"category","embeddable":true,"href":"https:\/\/www.fuldaernachrichten.de\/index.php?rest_route=%2Fwp%2Fv2%2Fcategories&post=104345"},{"taxonomy":"post_tag","embeddable":true,"href":"https:\/\/www.fuldaernachrichten.de\/index.php?rest_route=%2Fwp%2Fv2%2Ftags&post=104345"}],"curies":[{"name":"wp","href":"https:\/\/api.w.org\/{rel}","templated":true}]}}