{"id":104333,"date":"2012-11-26T00:14:28","date_gmt":"2012-11-26T00:14:28","guid":{"rendered":"http:\/\/www.fuldaer-nachrichten.de\/?p=104333"},"modified":"2012-11-26T08:15:10","modified_gmt":"2012-11-26T08:15:10","slug":"modelleisenbahnclub-fulda-ladt-ein-zum-tag-der-offenen-tur","status":"publish","type":"post","link":"https:\/\/www.fuldaernachrichten.de\/?p=104333","title":{"rendered":"Modelleisenbahnclub Fulda l\u00e4dt ein zum Tag der offenen T\u00fcr"},"content":{"rendered":"<p><img decoding=\"async\" class=\"alignleft size-thumbnail wp-image-104337\" title=\"DSC_8238\" src=\"http:\/\/www.fuldaer-nachrichten.de\/wp-content\/uploads\/2012\/11\/DSC_8238-265x175.jpg\" alt=\"\" width=\"265\" height=\"175\" srcset=\"https:\/\/www.fuldaernachrichten.de\/wp-content\/uploads\/2012\/11\/DSC_8238-265x175.jpg 265w, https:\/\/www.fuldaernachrichten.de\/wp-content\/uploads\/2012\/11\/DSC_8238.jpg 600w\" sizes=\"(max-width: 265px) 100vw, 265px\" \/>Fulda. Die Modellbahn steht am Sonntag, den 02. Dezember, am Fuldaer Bahnhof wieder im Mittelpunkt: Der Modelleisenbahn Club Fulda (MEC) l\u00e4dt zwischen 10 und 16 Uhr zur Besichtigung der gro\u00dfen Clubanlage sowie zum Modellbahnmarkt in der Fahrschule Krebs (im Bahnhof) ein. Die Veranstaltung hat bereits eine lange Tradition. H\u00e4ndler und Private k\u00f6nnen gegen eine geringe Geb\u00fchr Modelle sowie Zubeh\u00f6r rund um die kleine Bahn anbieten. Anmeldungen werden auch kurzfristig unter Telefon (0661) 29198351 entgegengenommen.<!--more--><br \/>\nDie 20 Quadratmeter gro\u00dfe Clubanlage des MEC steht im Haus des Bahnhofsgrills gegen\u00fcber dem Bahnhof. Auf ihr rollen mehr als 20 Personen- und G\u00fcterz\u00fcge auf 260 Metern Schienen. Elektronisch \u00fcberwacht und von einem professionellen Stellpult der ehemaligen Bundesbahn aus gesteuert, regeln 45 Weichen und 47 Signale den Schienenverkehr.<\/p>\n<p>Vorgef\u00fchrt werden Lokomotiven und Wagen aus fast allen Bahnepochen. Das beginnt mit der Zeit der Deutschen Reichsbahn Gesellschaft (DRG) Anfang der zwanziger Jahre, geht \u00fcber die Anf\u00e4nge der Deutschen Bundesbahn nach 1945 und endet beim neuesten ICE der DB AG. Eine Stra\u00dfenbahn verbindet im Pendelverkehr den gro\u00dfen Durchgangsbahnhof in der Unterstadt mit der Oberstadt auf der Anh\u00f6he.<\/p>\n<p>\u00dcber eine Nebenbahnstrecke verbinden typische Z\u00fcge den gro\u00dfen Bahnhof mit dem Bergdorf auf dem entgegengesetzten Anlagenteil. Auf der MEC-Anlage herrscht nicht nur reger Fahrbetrieb;\u00c2\u00a0 zahlreiche Details in Ortschaften und Landschaft vermitteln viel bahntypische Atmosph\u00e4re \u2013 eine gute Anregung f\u00fcr die Modellbahn daheim.<\/p>\n<p>Nichts ist so gut, als dass man es nicht noch verbessern k\u00f6nnte. So haben Landschaftsgestalter die Anlage an verschiedenen Stellen neu gestaltet. Davon k\u00f6nnen sich die Besucher am Sonntag \u00fcberzeugen.<\/p>\n\n\t\t<style>\n\t\t\t#gallery-1 {\n\t\t\t\tmargin: auto;\n\t\t\t}\n\t\t\t#gallery-1 .gallery-item {\n\t\t\t\tfloat: left;\n\t\t\t\tmargin-top: 10px;\n\t\t\t\ttext-align: center;\n\t\t\t\twidth: 50%;\n\t\t\t}\n\t\t\t#gallery-1 img {\n\t\t\t\tborder: 2px solid #cfcfcf;\n\t\t\t}\n\t\t\t#gallery-1 .gallery-caption {\n\t\t\t\tmargin-left: 0;\n\t\t\t}\n\t\t\t\/* see gallery_shortcode() in wp-includes\/media.php *\/\n\t\t<\/style>\n\t\t<div id='gallery-1' class='gallery galleryid-104333 gallery-columns-2 gallery-size-thumbnail'><dl class='gallery-item'>\n\t\t\t<dt class='gallery-icon landscape'>\n\t\t\t\t<a href='https:\/\/www.fuldaernachrichten.de\/wp-content\/uploads\/2012\/11\/DSC_8289.jpg'><img decoding=\"async\" width=\"150\" height=\"99\" src=\"https:\/\/www.fuldaernachrichten.de\/wp-content\/uploads\/2012\/11\/DSC_8289-265x175.jpg\" class=\"attachment-thumbnail size-thumbnail\" alt=\"\" srcset=\"https:\/\/www.fuldaernachrichten.de\/wp-content\/uploads\/2012\/11\/DSC_8289-265x175.jpg 265w, https:\/\/www.fuldaernachrichten.de\/wp-content\/uploads\/2012\/11\/DSC_8289.jpg 600w\" sizes=\"(max-width: 150px) 100vw, 150px\" \/><\/a>\n\t\t\t<\/dt><\/dl><dl class='gallery-item'>\n\t\t\t<dt class='gallery-icon landscape'>\n\t\t\t\t<a href='https:\/\/www.fuldaernachrichten.de\/wp-content\/uploads\/2012\/11\/DSC_8223.jpg'><img decoding=\"async\" width=\"150\" height=\"99\" src=\"https:\/\/www.fuldaernachrichten.de\/wp-content\/uploads\/2012\/11\/DSC_8223-265x175.jpg\" class=\"attachment-thumbnail size-thumbnail\" alt=\"\" srcset=\"https:\/\/www.fuldaernachrichten.de\/wp-content\/uploads\/2012\/11\/DSC_8223-265x175.jpg 265w, https:\/\/www.fuldaernachrichten.de\/wp-content\/uploads\/2012\/11\/DSC_8223.jpg 600w\" sizes=\"(max-width: 150px) 100vw, 150px\" \/><\/a>\n\t\t\t<\/dt><\/dl><br style=\"clear: both\" \/><dl class='gallery-item'>\n\t\t\t<dt class='gallery-icon landscape'>\n\t\t\t\t<a href='https:\/\/www.fuldaernachrichten.de\/wp-content\/uploads\/2012\/11\/DSC_8224.jpg'><img loading=\"lazy\" decoding=\"async\" width=\"150\" height=\"99\" src=\"https:\/\/www.fuldaernachrichten.de\/wp-content\/uploads\/2012\/11\/DSC_8224-265x175.jpg\" class=\"attachment-thumbnail size-thumbnail\" alt=\"\" srcset=\"https:\/\/www.fuldaernachrichten.de\/wp-content\/uploads\/2012\/11\/DSC_8224-265x175.jpg 265w, https:\/\/www.fuldaernachrichten.de\/wp-content\/uploads\/2012\/11\/DSC_8224.jpg 600w\" sizes=\"(max-width: 150px) 100vw, 150px\" \/><\/a>\n\t\t\t<\/dt><\/dl><dl class='gallery-item'>\n\t\t\t<dt class='gallery-icon landscape'>\n\t\t\t\t<a href='https:\/\/www.fuldaernachrichten.de\/wp-content\/uploads\/2012\/11\/DSC_8238.jpg'><img loading=\"lazy\" decoding=\"async\" width=\"150\" height=\"99\" src=\"https:\/\/www.fuldaernachrichten.de\/wp-content\/uploads\/2012\/11\/DSC_8238-265x175.jpg\" class=\"attachment-thumbnail size-thumbnail\" alt=\"\" srcset=\"https:\/\/www.fuldaernachrichten.de\/wp-content\/uploads\/2012\/11\/DSC_8238-265x175.jpg 265w, https:\/\/www.fuldaernachrichten.de\/wp-content\/uploads\/2012\/11\/DSC_8238.jpg 600w\" sizes=\"(max-width: 150px) 100vw, 150px\" \/><\/a>\n\t\t\t<\/dt><\/dl><br style=\"clear: both\" \/><dl class='gallery-item'>\n\t\t\t<dt class='gallery-icon landscape'>\n\t\t\t\t<a href='https:\/\/www.fuldaernachrichten.de\/wp-content\/uploads\/2012\/11\/DSC_8263.jpg'><img loading=\"lazy\" decoding=\"async\" width=\"150\" height=\"99\" src=\"https:\/\/www.fuldaernachrichten.de\/wp-content\/uploads\/2012\/11\/DSC_8263-265x175.jpg\" class=\"attachment-thumbnail size-thumbnail\" alt=\"\" srcset=\"https:\/\/www.fuldaernachrichten.de\/wp-content\/uploads\/2012\/11\/DSC_8263-265x175.jpg 265w, https:\/\/www.fuldaernachrichten.de\/wp-content\/uploads\/2012\/11\/DSC_8263.jpg 600w\" sizes=\"(max-width: 150px) 100vw, 150px\" \/><\/a>\n\t\t\t<\/dt><\/dl><dl class='gallery-item'>\n\t\t\t<dt class='gallery-icon landscape'>\n\t\t\t\t<a href='https:\/\/www.fuldaernachrichten.de\/wp-content\/uploads\/2012\/11\/DSC_8267.jpg'><img loading=\"lazy\" decoding=\"async\" width=\"150\" height=\"99\" src=\"https:\/\/www.fuldaernachrichten.de\/wp-content\/uploads\/2012\/11\/DSC_8267-265x175.jpg\" class=\"attachment-thumbnail size-thumbnail\" alt=\"\" srcset=\"https:\/\/www.fuldaernachrichten.de\/wp-content\/uploads\/2012\/11\/DSC_8267-265x175.jpg 265w, https:\/\/www.fuldaernachrichten.de\/wp-content\/uploads\/2012\/11\/DSC_8267.jpg 600w\" sizes=\"(max-width: 150px) 100vw, 150px\" \/><\/a>\n\t\t\t<\/dt><\/dl><br style=\"clear: both\" \/><dl class='gallery-item'>\n\t\t\t<dt class='gallery-icon landscape'>\n\t\t\t\t<a href='https:\/\/www.fuldaernachrichten.de\/wp-content\/uploads\/2012\/11\/DSC_8273.jpg'><img loading=\"lazy\" decoding=\"async\" width=\"150\" height=\"99\" src=\"https:\/\/www.fuldaernachrichten.de\/wp-content\/uploads\/2012\/11\/DSC_8273-265x175.jpg\" class=\"attachment-thumbnail size-thumbnail\" alt=\"\" srcset=\"https:\/\/www.fuldaernachrichten.de\/wp-content\/uploads\/2012\/11\/DSC_8273-265x175.jpg 265w, https:\/\/www.fuldaernachrichten.de\/wp-content\/uploads\/2012\/11\/DSC_8273.jpg 600w\" sizes=\"(max-width: 150px) 100vw, 150px\" \/><\/a>\n\t\t\t<\/dt><\/dl><dl class='gallery-item'>\n\t\t\t<dt class='gallery-icon landscape'>\n\t\t\t\t<a href='https:\/\/www.fuldaernachrichten.de\/wp-content\/uploads\/2012\/11\/DSC_8276.jpg'><img loading=\"lazy\" decoding=\"async\" width=\"150\" height=\"99\" src=\"https:\/\/www.fuldaernachrichten.de\/wp-content\/uploads\/2012\/11\/DSC_8276-265x175.jpg\" class=\"attachment-thumbnail size-thumbnail\" alt=\"\" srcset=\"https:\/\/www.fuldaernachrichten.de\/wp-content\/uploads\/2012\/11\/DSC_8276-265x175.jpg 265w, https:\/\/www.fuldaernachrichten.de\/wp-content\/uploads\/2012\/11\/DSC_8276.jpg 600w\" sizes=\"(max-width: 150px) 100vw, 150px\" \/><\/a>\n\t\t\t<\/dt><\/dl><br style=\"clear: both\" \/><dl class='gallery-item'>\n\t\t\t<dt class='gallery-icon landscape'>\n\t\t\t\t<a href='https:\/\/www.fuldaernachrichten.de\/wp-content\/uploads\/2012\/11\/DSC_8277.jpg'><img loading=\"lazy\" decoding=\"async\" width=\"150\" height=\"99\" src=\"https:\/\/www.fuldaernachrichten.de\/wp-content\/uploads\/2012\/11\/DSC_8277-265x175.jpg\" class=\"attachment-thumbnail size-thumbnail\" alt=\"\" srcset=\"https:\/\/www.fuldaernachrichten.de\/wp-content\/uploads\/2012\/11\/DSC_8277-265x175.jpg 265w, https:\/\/www.fuldaernachrichten.de\/wp-content\/uploads\/2012\/11\/DSC_8277.jpg 600w\" sizes=\"(max-width: 150px) 100vw, 150px\" \/><\/a>\n\t\t\t<\/dt><\/dl><dl class='gallery-item'>\n\t\t\t<dt class='gallery-icon landscape'>\n\t\t\t\t<a href='https:\/\/www.fuldaernachrichten.de\/wp-content\/uploads\/2012\/11\/DSC_8286.jpg'><img loading=\"lazy\" decoding=\"async\" width=\"150\" height=\"99\" src=\"https:\/\/www.fuldaernachrichten.de\/wp-content\/uploads\/2012\/11\/DSC_8286-265x175.jpg\" class=\"attachment-thumbnail size-thumbnail\" alt=\"\" srcset=\"https:\/\/www.fuldaernachrichten.de\/wp-content\/uploads\/2012\/11\/DSC_8286-265x175.jpg 265w, https:\/\/www.fuldaernachrichten.de\/wp-content\/uploads\/2012\/11\/DSC_8286.jpg 600w\" sizes=\"(max-width: 150px) 100vw, 150px\" \/><\/a>\n\t\t\t<\/dt><\/dl><br style=\"clear: both\" \/><dl class='gallery-item'>\n\t\t\t<dt class='gallery-icon landscape'>\n\t\t\t\t<a href='https:\/\/www.fuldaernachrichten.de\/wp-content\/uploads\/2012\/11\/DSC_8288.jpg'><img loading=\"lazy\" decoding=\"async\" width=\"150\" height=\"99\" src=\"https:\/\/www.fuldaernachrichten.de\/wp-content\/uploads\/2012\/11\/DSC_8288-265x175.jpg\" class=\"attachment-thumbnail size-thumbnail\" alt=\"\" srcset=\"https:\/\/www.fuldaernachrichten.de\/wp-content\/uploads\/2012\/11\/DSC_8288-265x175.jpg 265w, https:\/\/www.fuldaernachrichten.de\/wp-content\/uploads\/2012\/11\/DSC_8288.jpg 600w\" sizes=\"(max-width: 150px) 100vw, 150px\" \/><\/a>\n\t\t\t<\/dt><\/dl>\n\t\t\t<br style='clear: both' \/>\n\t\t<\/div>\n\n","protected":false},"excerpt":{"rendered":"<div class=\"tmnf_excerpt\"><p>Fulda. Die Modellbahn steht am Sonntag, den 02. Dezember, am Fuldaer Bahnhof wieder im Mittelpunkt: Der Modelleisenbahn Club Fulda (MEC) l\u00e4dt zwischen 10 und 16 Uhr zur Besichtigung der gro\u00dfen Clubanlage sowie zum Modellbahnmarkt in der Fahrschule Krebs (im Bahnhof) ein. Die Veranstaltung hat bereits eine lange Tradition. H\u00e4ndler und Private k\u00f6nnen gegen eine geringe &hellip;<\/p>\n<\/div>","protected":false},"author":1,"featured_media":0,"comment_status":"closed","ping_status":"closed","sticky":false,"template":"","format":"standard","meta":{"footnotes":""},"categories":[1,44],"tags":[],"class_list":["post-104333","post","type-post","status-publish","format-standard","hentry","category-startseite","category-kultur"],"_links":{"self":[{"href":"https:\/\/www.fuldaernachrichten.de\/index.php?rest_route=\/wp\/v2\/posts\/104333","targetHints":{"allow":["GET"]}}],"collection":[{"href":"https:\/\/www.fuldaernachrichten.de\/index.php?rest_route=\/wp\/v2\/posts"}],"about":[{"href":"https:\/\/www.fuldaernachrichten.de\/index.php?rest_route=\/wp\/v2\/types\/post"}],"author":[{"embeddable":true,"href":"https:\/\/www.fuldaernachrichten.de\/index.php?rest_route=\/wp\/v2\/users\/1"}],"replies":[{"embeddable":true,"href":"https:\/\/www.fuldaernachrichten.de\/index.php?rest_route=%2Fwp%2Fv2%2Fcomments&post=104333"}],"version-history":[{"count":0,"href":"https:\/\/www.fuldaernachrichten.de\/index.php?rest_route=\/wp\/v2\/posts\/104333\/revisions"}],"wp:attachment":[{"href":"https:\/\/www.fuldaernachrichten.de\/index.php?rest_route=%2Fwp%2Fv2%2Fmedia&parent=104333"}],"wp:term":[{"taxonomy":"category","embeddable":true,"href":"https:\/\/www.fuldaernachrichten.de\/index.php?rest_route=%2Fwp%2Fv2%2Fcategories&post=104333"},{"taxonomy":"post_tag","embeddable":true,"href":"https:\/\/www.fuldaernachrichten.de\/index.php?rest_route=%2Fwp%2Fv2%2Ftags&post=104333"}],"curies":[{"name":"wp","href":"https:\/\/api.w.org\/{rel}","templated":true}]}}