{"id":104326,"date":"2012-12-08T00:12:13","date_gmt":"2012-12-08T00:12:13","guid":{"rendered":"http:\/\/www.fuldaer-nachrichten.de\/?p=104326"},"modified":"2012-12-08T08:31:32","modified_gmt":"2012-12-08T08:31:32","slug":"adventsmusik-bei-kerzenschein-an-den-adventssonntagen-in-der-tanner-stadtkirche-2","status":"publish","type":"post","link":"https:\/\/www.fuldaernachrichten.de\/?p=104326","title":{"rendered":"\u201eAdventsmusik bei Kerzenschein\u201c an den Adventssonntagen in der Tanner Stadtkirche"},"content":{"rendered":"<p><img fetchpriority=\"high\" decoding=\"async\" class=\"alignleft size-thumbnail wp-image-104327\" title=\"adve\" src=\"http:\/\/www.fuldaer-nachrichten.de\/wp-content\/uploads\/2012\/11\/adve-265x353.jpg\" alt=\"\" width=\"265\" height=\"353\" srcset=\"https:\/\/www.fuldaernachrichten.de\/wp-content\/uploads\/2012\/11\/adve-265x353.jpg 265w, https:\/\/www.fuldaernachrichten.de\/wp-content\/uploads\/2012\/11\/adve-198x265.jpg 198w, https:\/\/www.fuldaernachrichten.de\/wp-content\/uploads\/2012\/11\/adve-450x600.jpg 450w, https:\/\/www.fuldaernachrichten.de\/wp-content\/uploads\/2012\/11\/adve.jpg 600w\" sizes=\"(max-width: 265px) 100vw, 265px\" \/>Tann. \u201eMacht hoch die T\u00fcr, die Tor macht weit.\u201c Auch 2012 \u00f6ffnet die Tanner Stadtkirche wieder ihre T\u00fcren und l\u00e4dt herzlich ein zu den allj\u00e4hrlichen Adventsmusiken. In einem wundersch\u00f6nen Ambiente, die Tanner Stadtkirche wird erleuchtet vom Lichtschein hunderter Kerzen, erklingen zeitgen\u00f6ssische und klassische Kompositionen. An allen Adventssonntagen um 18 Uhr gestalten \u00fcberwiegend Tanner Ch\u00f6re, weitere Musiker, Tanner Pfarrer und Lektoren halbst\u00fcndige Abendmusiken mit Musik und Texten:<!--more--><\/p>\n<p>An allen Adventssonntagen um 18 Uhr gestalten \u00fcberwiegend Tanner Ch\u00f6re, weitere Musiker, Tanner Pfarrer und Lektoren halbst\u00fcndige Abendmusiken mit Musik und Texten:<\/p>\n<p><strong>2. Advent<\/strong> (9. Dezember 2012): Jugend- und Frauenchor \u201eMagic Voices\u201c (Leitung: Simone Orf) und Lektorin Sabine Ocklitz<\/p>\n<p><strong>3. Advent<\/strong> (16. Dezember 2012): Carla Braun (Orgel), Lucia Feldmann (Blockfl\u00f6te) und Maya Atrissi (Blockfl\u00f6te) und Lektorin Karin Klappstein<\/p>\n<p><strong>4. Advent<\/strong> (23. Dezember 2012): Kirchenchor Tann (Leitung: Thomas N\u00fcdling) und Pfarrer Frank Nico Jaeger<\/p>\n<p>Der Eintritt zu allen Veranstaltungen ist frei. Eine Kollekte am Ausgang dient der musikalischen Arbeit der Ch\u00f6re.<\/p>\n<p>&nbsp;<\/p>\n<p>Er\u00f6ffnet wird die Reihe am kommenden ersten Adventssonntag, 2. Dezember, um 18 Uhr mit dem Kinderchor \u201eTanner Goldkehlchen\u201c. Er singt unter Leitung von Julia Simon adventliche Werke verschiedenster K\u00fcnstler. Pfarrer Kai Kleina liest adventlich besinnliche Texte.<\/p>\n","protected":false},"excerpt":{"rendered":"<div class=\"tmnf_excerpt\"><p>Tann. \u201eMacht hoch die T\u00fcr, die Tor macht weit.\u201c Auch 2012 \u00f6ffnet die Tanner Stadtkirche wieder ihre T\u00fcren und l\u00e4dt herzlich ein zu den allj\u00e4hrlichen Adventsmusiken. In einem wundersch\u00f6nen Ambiente, die Tanner Stadtkirche wird erleuchtet vom Lichtschein hunderter Kerzen, erklingen zeitgen\u00f6ssische und klassische Kompositionen. An allen Adventssonntagen um 18 Uhr gestalten \u00fcberwiegend Tanner Ch\u00f6re, weitere &hellip;<\/p>\n<\/div>","protected":false},"author":1,"featured_media":0,"comment_status":"closed","ping_status":"closed","sticky":false,"template":"","format":"standard","meta":{"footnotes":""},"categories":[1,50,44],"tags":[],"class_list":["post-104326","post","type-post","status-publish","format-standard","hentry","category-startseite","category-kirche","category-kultur"],"_links":{"self":[{"href":"https:\/\/www.fuldaernachrichten.de\/index.php?rest_route=\/wp\/v2\/posts\/104326","targetHints":{"allow":["GET"]}}],"collection":[{"href":"https:\/\/www.fuldaernachrichten.de\/index.php?rest_route=\/wp\/v2\/posts"}],"about":[{"href":"https:\/\/www.fuldaernachrichten.de\/index.php?rest_route=\/wp\/v2\/types\/post"}],"author":[{"embeddable":true,"href":"https:\/\/www.fuldaernachrichten.de\/index.php?rest_route=\/wp\/v2\/users\/1"}],"replies":[{"embeddable":true,"href":"https:\/\/www.fuldaernachrichten.de\/index.php?rest_route=%2Fwp%2Fv2%2Fcomments&post=104326"}],"version-history":[{"count":0,"href":"https:\/\/www.fuldaernachrichten.de\/index.php?rest_route=\/wp\/v2\/posts\/104326\/revisions"}],"wp:attachment":[{"href":"https:\/\/www.fuldaernachrichten.de\/index.php?rest_route=%2Fwp%2Fv2%2Fmedia&parent=104326"}],"wp:term":[{"taxonomy":"category","embeddable":true,"href":"https:\/\/www.fuldaernachrichten.de\/index.php?rest_route=%2Fwp%2Fv2%2Fcategories&post=104326"},{"taxonomy":"post_tag","embeddable":true,"href":"https:\/\/www.fuldaernachrichten.de\/index.php?rest_route=%2Fwp%2Fv2%2Ftags&post=104326"}],"curies":[{"name":"wp","href":"https:\/\/api.w.org\/{rel}","templated":true}]}}