{"id":104325,"date":"2012-11-26T00:12:54","date_gmt":"2012-11-26T00:12:54","guid":{"rendered":"http:\/\/www.fuldaer-nachrichten.de\/?p=104325"},"modified":"2012-11-26T08:06:58","modified_gmt":"2012-11-26T08:06:58","slug":"einwohnerzahl-im-landkreis-stagniert-im-ersten-halbjahr-2012","status":"publish","type":"post","link":"https:\/\/www.fuldaernachrichten.de\/?p=104325","title":{"rendered":"Einwohnerzahl im Landkreis stagniert im ersten Halbjahr 2012"},"content":{"rendered":"<p>Fulda\/Wiesbaden. Im ersten Halbjahr 2012 stieg die Bev\u00f6lkerungszahl in Hessen um 9.100 Personen auf 6,1 Millionen Einwohner (+0,15%). Die Bev\u00f6lkerungszunahme konzentriert sich auf S\u00fcdhessen und das Rhein-Main-Gebiet, w\u00e4hrend Mittel- und Nordhessen R\u00fcckg\u00e4nge verzeichneten.<!--more--><\/p>\n<p>Auch im Regierungsbezirk Kassel setzte sich der R\u00fcckgang weiter fort. Die einzige Ausnahme war der Landkreis Fulda. Zwar nimmt auch hier die Bev\u00f6lkerungszahl seit dem \u201estatistischen Wendejahr 2005\u201c tendenziell ab, wenn auch nicht so stark wie in den anderen Kreisen des Regierungsbezirks. Im ersten Halbjahr 2012 stagnierte die Einwohnerzahl jedoch. Am 30. Juni 2012 lebten im Landkreis Fulda 216.718 Menschen, was einen minimalen Zugewinn von einer Person gegen\u00fcber dem 31. Dezember 2011 bedeutete. Insgesamt acht kreisangeh\u00f6rige Kommunen wiesen Bev\u00f6lkerungszunahmen auf. An der Spitze lagen Bad Salzschlirf (+1,4%), Poppenhausen (+0.5%) und Eichenzell (+0,4%).<\/p>\n","protected":false},"excerpt":{"rendered":"<div class=\"tmnf_excerpt\"><p>Fulda\/Wiesbaden. Im ersten Halbjahr 2012 stieg die Bev\u00f6lkerungszahl in Hessen um 9.100 Personen auf 6,1 Millionen Einwohner (+0,15%). Die Bev\u00f6lkerungszunahme konzentriert sich auf S\u00fcdhessen und das Rhein-Main-Gebiet, w\u00e4hrend Mittel- und Nordhessen R\u00fcckg\u00e4nge verzeichneten.<\/p>\n<\/div>","protected":false},"author":1,"featured_media":0,"comment_status":"closed","ping_status":"closed","sticky":false,"template":"","format":"standard","meta":{"footnotes":""},"categories":[1,29],"tags":[],"class_list":["post-104325","post","type-post","status-publish","format-standard","hentry","category-startseite","category-politik"],"_links":{"self":[{"href":"https:\/\/www.fuldaernachrichten.de\/index.php?rest_route=\/wp\/v2\/posts\/104325","targetHints":{"allow":["GET"]}}],"collection":[{"href":"https:\/\/www.fuldaernachrichten.de\/index.php?rest_route=\/wp\/v2\/posts"}],"about":[{"href":"https:\/\/www.fuldaernachrichten.de\/index.php?rest_route=\/wp\/v2\/types\/post"}],"author":[{"embeddable":true,"href":"https:\/\/www.fuldaernachrichten.de\/index.php?rest_route=\/wp\/v2\/users\/1"}],"replies":[{"embeddable":true,"href":"https:\/\/www.fuldaernachrichten.de\/index.php?rest_route=%2Fwp%2Fv2%2Fcomments&post=104325"}],"version-history":[{"count":0,"href":"https:\/\/www.fuldaernachrichten.de\/index.php?rest_route=\/wp\/v2\/posts\/104325\/revisions"}],"wp:attachment":[{"href":"https:\/\/www.fuldaernachrichten.de\/index.php?rest_route=%2Fwp%2Fv2%2Fmedia&parent=104325"}],"wp:term":[{"taxonomy":"category","embeddable":true,"href":"https:\/\/www.fuldaernachrichten.de\/index.php?rest_route=%2Fwp%2Fv2%2Fcategories&post=104325"},{"taxonomy":"post_tag","embeddable":true,"href":"https:\/\/www.fuldaernachrichten.de\/index.php?rest_route=%2Fwp%2Fv2%2Ftags&post=104325"}],"curies":[{"name":"wp","href":"https:\/\/api.w.org\/{rel}","templated":true}]}}