{"id":104324,"date":"2012-11-26T00:11:56","date_gmt":"2012-11-26T00:11:56","guid":{"rendered":"http:\/\/www.fuldaer-nachrichten.de\/?p=104324"},"modified":"2012-11-26T08:05:37","modified_gmt":"2012-11-26T08:05:37","slug":"kinder-backen-ein-knusperhauschen-vhs-kurs-im-georg-stieler-haus","status":"publish","type":"post","link":"https:\/\/www.fuldaernachrichten.de\/?p=104324","title":{"rendered":"Kinder backen ein Knusperh\u00e4uschen &#8211; vhs-Kurs im Georg-Stieler-Haus"},"content":{"rendered":"<p>Fulda. Bei einem Kurs der Volkshochschule des Landkreises Fulda backen Kinder ab sechs Jahren in Begleitung ihrer V\u00e4ter oder M\u00fctter aus Lebkuchenteig ein Knusperh\u00e4uschen. Nachdem der Teig zubereitet ist, wird dieser mit einer Schablone ausgeschnitten. Danach errichtet jeder sein eigenes H\u00e4uschen und verziert es nach eigenen Ideen und Geschmack &#8211; ganz individuell. Der vhs-Kurs findet am Samstag, 1. Dezember, von 10 Uhr bis 14 Uhr in der K\u00fcche des Georg-Stieler-Hauses, Gallasiniring 1, in Fulda statt. Information und vorherige Anmeldung bei der vhs-Gesch\u00e4ftsstelle, Gallasiniring 30, in 36043 Fulda, Telefon (0661)25199-0, oder unter <a href=\"http:\/\/www.vhs-fulda.de\/\">www.vhs-fulda.de<\/a>.<\/p>\n","protected":false},"excerpt":{"rendered":"<div class=\"tmnf_excerpt\"><p>Fulda. Bei einem Kurs der Volkshochschule des Landkreises Fulda backen Kinder ab sechs Jahren in Begleitung ihrer V\u00e4ter oder M\u00fctter aus Lebkuchenteig ein Knusperh\u00e4uschen. Nachdem der Teig zubereitet ist, wird dieser mit einer Schablone ausgeschnitten. Danach errichtet jeder sein eigenes H\u00e4uschen und verziert es nach eigenen Ideen und Geschmack &#8211; ganz individuell. Der vhs-Kurs findet &hellip;<\/p>\n<\/div>","protected":false},"author":1,"featured_media":0,"comment_status":"closed","ping_status":"closed","sticky":false,"template":"","format":"standard","meta":{"footnotes":""},"categories":[1,53],"tags":[],"class_list":["post-104324","post","type-post","status-publish","format-standard","hentry","category-startseite","category-bildung"],"_links":{"self":[{"href":"https:\/\/www.fuldaernachrichten.de\/index.php?rest_route=\/wp\/v2\/posts\/104324","targetHints":{"allow":["GET"]}}],"collection":[{"href":"https:\/\/www.fuldaernachrichten.de\/index.php?rest_route=\/wp\/v2\/posts"}],"about":[{"href":"https:\/\/www.fuldaernachrichten.de\/index.php?rest_route=\/wp\/v2\/types\/post"}],"author":[{"embeddable":true,"href":"https:\/\/www.fuldaernachrichten.de\/index.php?rest_route=\/wp\/v2\/users\/1"}],"replies":[{"embeddable":true,"href":"https:\/\/www.fuldaernachrichten.de\/index.php?rest_route=%2Fwp%2Fv2%2Fcomments&post=104324"}],"version-history":[{"count":0,"href":"https:\/\/www.fuldaernachrichten.de\/index.php?rest_route=\/wp\/v2\/posts\/104324\/revisions"}],"wp:attachment":[{"href":"https:\/\/www.fuldaernachrichten.de\/index.php?rest_route=%2Fwp%2Fv2%2Fmedia&parent=104324"}],"wp:term":[{"taxonomy":"category","embeddable":true,"href":"https:\/\/www.fuldaernachrichten.de\/index.php?rest_route=%2Fwp%2Fv2%2Fcategories&post=104324"},{"taxonomy":"post_tag","embeddable":true,"href":"https:\/\/www.fuldaernachrichten.de\/index.php?rest_route=%2Fwp%2Fv2%2Ftags&post=104324"}],"curies":[{"name":"wp","href":"https:\/\/api.w.org\/{rel}","templated":true}]}}