{"id":104323,"date":"2012-11-26T00:12:01","date_gmt":"2012-11-26T00:12:01","guid":{"rendered":"http:\/\/www.fuldaer-nachrichten.de\/?p=104323"},"modified":"2012-11-26T08:04:40","modified_gmt":"2012-11-26T08:04:40","slug":"adventlichen-klosterorgelmenu-im-bonifatiuskloster-hunfeld","status":"publish","type":"post","link":"https:\/\/www.fuldaernachrichten.de\/?p=104323","title":{"rendered":"Adventlichen Klosterorgelmen\u00fc im Bonifatiuskloster H\u00fcnfeld"},"content":{"rendered":"<p>H\u00fcnfeld. Das Bonifatiuskloster l\u00e4dt zum adventlichen Klosterorgelmen\u00fc ein. Am Samstag, 1. Dezember um 18 Uhr beginnt der Abend mit der adventlichen Lichterfeier in der Klosterkirche. Anschlie\u00dfend ist im Kloster ein adventliches Klosterorgelmen\u00fc, das begleitet wird von Kl\u00e4ngen besinnlicher Kammermusik. Mit dem Men\u00fcpreis von 25 \u00e2\u201a\u00ac pro Person (zzgl. Getr\u00e4nke) wird die Renovierung der H\u00fcnfelder Klosterorgel unterst\u00fctzt.\u00c2\u00a0 Eine Anmeldung ist erforderlich und wird an der Klosterpforte entgegengenommen (06652 94537 \/ gaestebuero@bonifatiuskloster.de).<\/p>\n","protected":false},"excerpt":{"rendered":"<div class=\"tmnf_excerpt\"><p>H\u00fcnfeld. Das Bonifatiuskloster l\u00e4dt zum adventlichen Klosterorgelmen\u00fc ein. Am Samstag, 1. Dezember um 18 Uhr beginnt der Abend mit der adventlichen Lichterfeier in der Klosterkirche. Anschlie\u00dfend ist im Kloster ein adventliches Klosterorgelmen\u00fc, das begleitet wird von Kl\u00e4ngen besinnlicher Kammermusik. Mit dem Men\u00fcpreis von 25 \u00e2\u201a\u00ac pro Person (zzgl. Getr\u00e4nke) wird die Renovierung der H\u00fcnfelder Klosterorgel &hellip;<\/p>\n<\/div>","protected":false},"author":1,"featured_media":0,"comment_status":"closed","ping_status":"closed","sticky":false,"template":"","format":"standard","meta":{"footnotes":""},"categories":[1,50],"tags":[],"class_list":["post-104323","post","type-post","status-publish","format-standard","hentry","category-startseite","category-kirche"],"_links":{"self":[{"href":"https:\/\/www.fuldaernachrichten.de\/index.php?rest_route=\/wp\/v2\/posts\/104323","targetHints":{"allow":["GET"]}}],"collection":[{"href":"https:\/\/www.fuldaernachrichten.de\/index.php?rest_route=\/wp\/v2\/posts"}],"about":[{"href":"https:\/\/www.fuldaernachrichten.de\/index.php?rest_route=\/wp\/v2\/types\/post"}],"author":[{"embeddable":true,"href":"https:\/\/www.fuldaernachrichten.de\/index.php?rest_route=\/wp\/v2\/users\/1"}],"replies":[{"embeddable":true,"href":"https:\/\/www.fuldaernachrichten.de\/index.php?rest_route=%2Fwp%2Fv2%2Fcomments&post=104323"}],"version-history":[{"count":0,"href":"https:\/\/www.fuldaernachrichten.de\/index.php?rest_route=\/wp\/v2\/posts\/104323\/revisions"}],"wp:attachment":[{"href":"https:\/\/www.fuldaernachrichten.de\/index.php?rest_route=%2Fwp%2Fv2%2Fmedia&parent=104323"}],"wp:term":[{"taxonomy":"category","embeddable":true,"href":"https:\/\/www.fuldaernachrichten.de\/index.php?rest_route=%2Fwp%2Fv2%2Fcategories&post=104323"},{"taxonomy":"post_tag","embeddable":true,"href":"https:\/\/www.fuldaernachrichten.de\/index.php?rest_route=%2Fwp%2Fv2%2Ftags&post=104323"}],"curies":[{"name":"wp","href":"https:\/\/api.w.org\/{rel}","templated":true}]}}