{"id":104320,"date":"2012-11-26T00:12:08","date_gmt":"2012-11-26T00:12:08","guid":{"rendered":"http:\/\/www.fuldaer-nachrichten.de\/?p=104320"},"modified":"2012-11-26T08:01:35","modified_gmt":"2012-11-26T08:01:35","slug":"neue-gesprachsreihe-kirche-gewerkschaft-im-bonifatiushaus","status":"publish","type":"post","link":"https:\/\/www.fuldaernachrichten.de\/?p=104320","title":{"rendered":"Neue Gespr\u00e4chsreihe Kirche-Gewerkschaft im Bonifatiushaus"},"content":{"rendered":"<p>Fulda. Um den ersten hessischen Landessozialbericht aus diesem Jahr geht es unter dem Thema \u201eWas eine Gesellschaft zusammenh\u00e4lt\u201c an drei Abenden im Fuldaer Bonifatiushaus, wenn sich Kirche und Gewerkschaft inzwischen im 44. Jahr zu gemeinsamen Gespr\u00e4chen treffen. In der Auftaktveranstaltung am Dienstag, 4. Dezember, informiert Dr. J\u00fcrgen Faik aus Frankfurt, einer der Koordinatoren f\u00fcr die Berichtserstellung, \u00fcber die Entstehung, wesentliche Inhalte und Problemanzeigen, Entwicklungen von Armut und Reichtum \u2013 auch unter regionalen Gesichtspunkten \u2013 und fragt nach sozialpolitischen Handlungsempfehlungen\u00c2\u00a0 und Konsequenzen f\u00fcr die Landespolitik. <!--more--><\/p>\n<p>In zwei Folgeveranstaltungen am 22. Januar und am 26. Februar 2013 beleuchten Brigitte Baki vom DGB-Hessen-Th\u00fcringen sowie Dr. Karl Koch vom Di\u00f6zesan-Caritasverband Limburg \u00c2\u00a0den Bericht kritisch aus Sicht der Arbeitnehmer wie der christlichen Sozialethik. Beide waren Mitglieder des wissenschaftlichen Beirats zur Berichterstellung. Die Veranstaltungen beginnen um 17.00 Uhr und sind f\u00fcr alle Interessierten offen und kostenfrei. Anmeldungen werden erbeten an das Bonifatiushaus, Neuenbergerstr. 3, 36041 Fulda, Tel. 0661-8398113, Fax: 0661-8398136 oder Mail: info@bonifatiushaus.de.<\/p>\n","protected":false},"excerpt":{"rendered":"<div class=\"tmnf_excerpt\"><p>Fulda. Um den ersten hessischen Landessozialbericht aus diesem Jahr geht es unter dem Thema \u201eWas eine Gesellschaft zusammenh\u00e4lt\u201c an drei Abenden im Fuldaer Bonifatiushaus, wenn sich Kirche und Gewerkschaft inzwischen im 44. Jahr zu gemeinsamen Gespr\u00e4chen treffen. In der Auftaktveranstaltung am Dienstag, 4. Dezember, informiert Dr. J\u00fcrgen Faik aus Frankfurt, einer der Koordinatoren f\u00fcr die &hellip;<\/p>\n<\/div>","protected":false},"author":1,"featured_media":0,"comment_status":"closed","ping_status":"closed","sticky":false,"template":"","format":"standard","meta":{"footnotes":""},"categories":[1,50],"tags":[],"class_list":["post-104320","post","type-post","status-publish","format-standard","hentry","category-startseite","category-kirche"],"_links":{"self":[{"href":"https:\/\/www.fuldaernachrichten.de\/index.php?rest_route=\/wp\/v2\/posts\/104320","targetHints":{"allow":["GET"]}}],"collection":[{"href":"https:\/\/www.fuldaernachrichten.de\/index.php?rest_route=\/wp\/v2\/posts"}],"about":[{"href":"https:\/\/www.fuldaernachrichten.de\/index.php?rest_route=\/wp\/v2\/types\/post"}],"author":[{"embeddable":true,"href":"https:\/\/www.fuldaernachrichten.de\/index.php?rest_route=\/wp\/v2\/users\/1"}],"replies":[{"embeddable":true,"href":"https:\/\/www.fuldaernachrichten.de\/index.php?rest_route=%2Fwp%2Fv2%2Fcomments&post=104320"}],"version-history":[{"count":0,"href":"https:\/\/www.fuldaernachrichten.de\/index.php?rest_route=\/wp\/v2\/posts\/104320\/revisions"}],"wp:attachment":[{"href":"https:\/\/www.fuldaernachrichten.de\/index.php?rest_route=%2Fwp%2Fv2%2Fmedia&parent=104320"}],"wp:term":[{"taxonomy":"category","embeddable":true,"href":"https:\/\/www.fuldaernachrichten.de\/index.php?rest_route=%2Fwp%2Fv2%2Fcategories&post=104320"},{"taxonomy":"post_tag","embeddable":true,"href":"https:\/\/www.fuldaernachrichten.de\/index.php?rest_route=%2Fwp%2Fv2%2Ftags&post=104320"}],"curies":[{"name":"wp","href":"https:\/\/api.w.org\/{rel}","templated":true}]}}