{"id":104318,"date":"2012-11-26T00:13:12","date_gmt":"2012-11-26T00:13:12","guid":{"rendered":"http:\/\/www.fuldaer-nachrichten.de\/?p=104318"},"modified":"2012-11-26T08:00:51","modified_gmt":"2012-11-26T08:00:51","slug":"kreisverkehrswacht-fulda-setzt-sich-fur-altere-pkw-fahrer-ein-und-ehrt-sechs-als-vorbilder-im-strasenverkehr","status":"publish","type":"post","link":"https:\/\/www.fuldaernachrichten.de\/?p=104318","title":{"rendered":"Kreisverkehrswacht Fulda setzt sich f\u00fcr \u00e4ltere Pkw Fahrer ein und ehrt sechs als Vorbilder im Stra\u00dfenverkehr"},"content":{"rendered":"<p><img decoding=\"async\" class=\"alignleft size-thumbnail wp-image-104319\" title=\"CIMG4865-001\" src=\"http:\/\/www.fuldaer-nachrichten.de\/wp-content\/uploads\/2012\/11\/CIMG4865-001-265x176.jpg\" alt=\"\" width=\"265\" height=\"176\" srcset=\"https:\/\/www.fuldaernachrichten.de\/wp-content\/uploads\/2012\/11\/CIMG4865-001-265x176.jpg 265w, https:\/\/www.fuldaernachrichten.de\/wp-content\/uploads\/2012\/11\/CIMG4865-001.jpg 600w\" sizes=\"(max-width: 265px) 100vw, 265px\" \/>Fulda. Vorbildliches und r\u00fccksichtsvolles Verhalten bescheinigte der Vorsitzende der Kreisverkehrs-wacht Fulda, Gerhard Brink, sechs Pkw-Fahrern f\u00fcr zweimal 50 und viermal 60 j\u00e4hriges verkehrssicheres und unfallfreies Fahren. \u201eF\u00fchlen Sie sich zum Autofahren zu alt?\u201c fragte der Vorsitzende provozierend die zu Ehrenden.<!--more--><\/p>\n<p>Alle schauten misstrauisch, was diese Frage wohl sollte und erkl\u00e4rten fast einstimmig: \u201eAutofahren ist f\u00fcr uns zu einer Selbstverst\u00e4ndlichkeit geworden, das Fahren macht uns Spa\u00df und nur dadurch bleiben wir\u00c2\u00a0 beweglich und mobil.\u201c<\/p>\n<p>Der 86j\u00e4hrige Erich Juling aus Eiterfeld-Reckrod, der 1948 seine erste private Fahrerlaubnis erwarb, kommentierte. \u201eIch bin zwar \u00e4lter geworden, aber noch lange nicht senil\u00c2\u00a0 oder unf\u00e4hig Auto zu fahren. Ich habe mir mit 80 Jahren einen neuen Pkw gekauft und bin heute nach 6 Jahren bereits \u00fcber 100.000 Kilometer unfallfrei gefahren! Noch keine Schramme habe ich mir reingefahren!\u201c<\/p>\n<p>Erich Juling reiste bis vor einem Jahr noch j\u00e4hrlich nicht nur durch Deutschland, sondern war auch mit dem Auto in Frankreich, Italien und Holland. Dieses Jahr war er nur in Hessen unterwegs. &#8220;R\u00fccksichtnahme und Umsicht, was man als vorausschauendes Fahren bezeichnen kann, waren und sind f\u00fcr mich wichtige Verhaltensregeln, und Garanten f\u00fcr ein m\u00f6glichst langes unfallfreies Fahren\u201c, erg\u00e4nzte Adam Dechert aus Schlotzau.<\/p>\n<p>Gerhard Brink betonte in seiner Laudatio, dass die sechs zu Ehrenden privat und beruflich zusammen mindestens 12 Millionen Kilometer zur\u00fcckgelegt haben. Mit dieser Kilometerzahl h\u00e4tten sie die Erde rund 300 Mal umrunden k\u00f6nnen; eine bemerkenswerte Leistung.,\u201eWir ehren heute sechs\u00c2\u00a0 bew\u00e4hrte Kraftfahrer als Vorbild f\u00fcr viele andere sich vorbildlich verhaltende Fahrer und Fahrerinnen im Landkreis Fulda!\u201c<\/p>\n<p>Gerhard Brink begl\u00fcckw\u00fcnschte die sechs auch im Namen der Deutschen Verkehrswacht sowie der Landesverkehrswacht Hessen und \u00fcberreichte jedem eine Ehrenurkunde mit Abzeichen. Seine Gl\u00fcckw\u00fcnsche verband er mit dem Hinweis, dass jeder von ihnen mit der Ehrung die Verpflichtung \u00fcbernimmt, auch weiterhin durch vorausschauendes, partnerschaftliches und hilfsbereites Verhalten im Stra\u00dfenverkehr, Anderen ein Vorbild zu sein.<\/p>\n<p>Es wurden geehrt:<\/p>\n<p>F\u00fcr 50 Jahre: Horst Kluge aus Fulda, Winfried Baier aus Eichenzell<br \/>\nF\u00fcr 60 Jahre: Reinhold Gensler aus Poppenhausen, Kurt M\u00fcllers aus Fulda, Adam Dechert aus Burghaun \u2013 Schlotzau, Erich Juling aus Eiterfeld &#8211; Reckrod<\/p>\n<p><em>\u201eSicher mobil ein Leben lang\u201c<\/em>. Bei seinem Vortrag ging der Vorsitzende auf den hohen Stellenwert der Mobilit\u00e4t, gerade bei \u00e4lteren Verkehrsteilnehmern ein. Immer mehr \u00e4ltere Menschen orientieren sich an einem aktiven Lebens- und Freizeitstil. Dabei spielt der Pkw eine entscheidende Rolle \u2013 erm\u00f6glicht er doch oft erst die Aufrechterhaltung von Mobilit\u00e4t und Unabh\u00e4ngigkeit.<\/p>\n<p>Jeder Verkehrsteilnehmer ob jung oder alt hat sein ganz pers\u00f6nliches Unfallrisiko, das er mit gezielten Ma\u00dfnahmen reduzieren und in manchen Bereichen sogar ausgleichen kann.<br \/>\nF\u00fcr die Geeignetheit auch im Alter selbst\u00e4ndig am Stra\u00dfenverkehr als Pkw-Fahrer oder Fahrerin teilzunehmen, gibt es immer nur eine pers\u00f6nliche individuelle Altersgrenze!<\/p>\n<p>Als Gefahr f\u00fcr die\u00c2\u00a0 Selbsteinsch\u00e4tzung bezeichnete Brink den langsam fortschreitenden Alterungsprozess, der f\u00fcr den Betroffenen selbst kaum bemerkbar, aber f\u00fcr andere deutlicher wahrnehmbar abl\u00e4uft.<\/p>\n<p>Jedem \u00e4lteren Verkehrsteilnehmer muss klar sein, dass es auch bei ihm selbst mit fortschreitendem Alter zu verschiedenen k\u00f6rperlichen oder geistigen Leistungseinbu\u00dfen kommen kann, die m\u00f6glicherweise die Fahrleistung beeinflussen.<\/p>\n<p>Deshalb ist Jeder f\u00fcr seine pers\u00f6nliche Verkehrstauglichkeit selbst verantwortlich. Hier kann und muss Jeder kritisch seine eigene Gesundheit analysieren und die angebotenen Gesundheitschecks nutzen, sei es beim Augenarzt, Ohrenarzt oder beim Hausarzt. Die j\u00e4hrliche \u00dcberpr\u00fcfung der Sehf\u00e4higkeit muss zu einer Selbstverst\u00e4ndlichkeit werden.<\/p>\n<p>Das Lebensalter allein sagt nichts aus \u00fcber die individuelle Leistungsf\u00e4higkeit noch \u00fcber das Unfallrisiko. Erst durch Hinzukommen von individuellen altersbedingten Einbu\u00dfen und Krankheiten entsteht ein erh\u00f6htes Unfallrisiko.<\/p>\n<p>Antragsunterlagen f\u00fcr die Auszeichnung als \u201eBew\u00e4hrter Kraftfahrer\u201c f\u00fcr 10- bis 50 oder sogar 60j\u00e4hriges unfallfreies, r\u00fccksichtsvolles Verhalten im Stra\u00dfenverkehr, erhalten interessierte Leser, die sich oder Angeh\u00f6rige ehren lassen wollen, bei der Kreisverkehrswacht Fulda, Frankfurter Stra\u00dfe 125, 36043 Fulda. \u00d6ffnungszeiten: jeweils donnerstags in der Zeit von 14:00 \u2013 17:00 Uhr. Telefonnummer: 0661 \/ 9450-268 oder direkt beim Vorsitzenden Gerhard Brink unter\u00c2\u00a0 0661 \/ 44 92 4.<\/p>\n<p>Seniorengruppen, die Interesse an einer Informationsveranstaltung \u201eGeneration 60 Plus\u201c mit dem Thema: <em>\u201eSicher und mobil ein Leben lang als Radfahrer, Fu\u00dfg\u00e4nger oder Pkw-Fahrer\u201c<\/em> haben, k\u00f6nnen sich ebenfalls an die Kreisverkehrswacht Fulda wenden.<\/p>\n","protected":false},"excerpt":{"rendered":"<div class=\"tmnf_excerpt\"><p>Fulda. Vorbildliches und r\u00fccksichtsvolles Verhalten bescheinigte der Vorsitzende der Kreisverkehrs-wacht Fulda, Gerhard Brink, sechs Pkw-Fahrern f\u00fcr zweimal 50 und viermal 60 j\u00e4hriges verkehrssicheres und unfallfreies Fahren. \u201eF\u00fchlen Sie sich zum Autofahren zu alt?\u201c fragte der Vorsitzende provozierend die zu Ehrenden.<\/p>\n<\/div>","protected":false},"author":1,"featured_media":0,"comment_status":"closed","ping_status":"closed","sticky":false,"template":"","format":"standard","meta":{"footnotes":""},"categories":[1,35],"tags":[],"class_list":["post-104318","post","type-post","status-publish","format-standard","hentry","category-startseite","category-auto"],"_links":{"self":[{"href":"https:\/\/www.fuldaernachrichten.de\/index.php?rest_route=\/wp\/v2\/posts\/104318","targetHints":{"allow":["GET"]}}],"collection":[{"href":"https:\/\/www.fuldaernachrichten.de\/index.php?rest_route=\/wp\/v2\/posts"}],"about":[{"href":"https:\/\/www.fuldaernachrichten.de\/index.php?rest_route=\/wp\/v2\/types\/post"}],"author":[{"embeddable":true,"href":"https:\/\/www.fuldaernachrichten.de\/index.php?rest_route=\/wp\/v2\/users\/1"}],"replies":[{"embeddable":true,"href":"https:\/\/www.fuldaernachrichten.de\/index.php?rest_route=%2Fwp%2Fv2%2Fcomments&post=104318"}],"version-history":[{"count":0,"href":"https:\/\/www.fuldaernachrichten.de\/index.php?rest_route=\/wp\/v2\/posts\/104318\/revisions"}],"wp:attachment":[{"href":"https:\/\/www.fuldaernachrichten.de\/index.php?rest_route=%2Fwp%2Fv2%2Fmedia&parent=104318"}],"wp:term":[{"taxonomy":"category","embeddable":true,"href":"https:\/\/www.fuldaernachrichten.de\/index.php?rest_route=%2Fwp%2Fv2%2Fcategories&post=104318"},{"taxonomy":"post_tag","embeddable":true,"href":"https:\/\/www.fuldaernachrichten.de\/index.php?rest_route=%2Fwp%2Fv2%2Ftags&post=104318"}],"curies":[{"name":"wp","href":"https:\/\/api.w.org\/{rel}","templated":true}]}}