{"id":104317,"date":"2012-11-26T00:10:02","date_gmt":"2012-11-26T00:10:02","guid":{"rendered":"http:\/\/www.fuldaer-nachrichten.de\/?p=104317"},"modified":"2012-11-26T07:56:58","modified_gmt":"2012-11-26T07:56:58","slug":"solidaritatszeichen-am-volkstrauertag","status":"publish","type":"post","link":"https:\/\/www.fuldaernachrichten.de\/?p=104317","title":{"rendered":"Solidarit\u00e4tszeichen am Volkstrauertag"},"content":{"rendered":"<p><strong><\/strong>Hosenfeld. Hosenfelder Soldaten der Reserve stellten auch in diesem Jahr am Volkstrauertag eine Ehrenwache auf dem Friedhof in Hosenfeld. Der B\u00fcrgermeister ging dieses Jahr in seiner Rede auf die \u201eGelbe Schleife\u201c &#8211; ein Zeichen der Solidarit\u00e4t f\u00fcr die Soldaten im Einsatz und deren Angeh\u00f6rigen sowie den Angeh\u00f6rigen von gefallenen Soldaten \u2013 ein, die er selbst am Revers trug.<!--more--><\/p>\n<p>Am Ende der Veranstaltung verteilten die Soldaten der Reserve kostenlos Ansteckerund Aufkleber der \u201eGelben Schleife\u201c und erm\u00f6glichten so den interessierten Besuchern der Gedenkveranstaltung auch in der \u00d6ffentlichkeit Ihre Solidarit\u00e4t mit Soldaten und Angeh\u00f6rigen zu bekunden.<\/p>\n<p>Am Vortag waren die Hosenfelder Soldaten der Reserve schon bei der Sammlung f\u00fcr den Volksbund Kriegsgr\u00e4berf\u00fcrsorge aktiv und nutzen diese Gelegenheit zu vielen Gespr\u00e4chen und zum Verteilen und Bekanntmachen der Gelben Schleife<\/p>\n<p>Beim anschlie\u00dfenden Abschlussantreten wurden einigen Kameraden vom Kreisorganisationsleiter der Kreisgruppe Osthessen im Reservistenverband mit der Kreisehrenadel ausgezeichnet. Dies waren mit der Kreisehrennadel in Bronze Hauptgefreiter Marco Walter und Obergefreiter Bernhard Bischof sowie Ehrennadel in Silber Stabsunteroffizier Bj\u00f6rn Wawerzinek.<\/p>\n","protected":false},"excerpt":{"rendered":"<div class=\"tmnf_excerpt\"><p>Hosenfeld. Hosenfelder Soldaten der Reserve stellten auch in diesem Jahr am Volkstrauertag eine Ehrenwache auf dem Friedhof in Hosenfeld. Der B\u00fcrgermeister ging dieses Jahr in seiner Rede auf die \u201eGelbe Schleife\u201c &#8211; ein Zeichen der Solidarit\u00e4t f\u00fcr die Soldaten im Einsatz und deren Angeh\u00f6rigen sowie den Angeh\u00f6rigen von gefallenen Soldaten \u2013 ein, die er selbst &hellip;<\/p>\n<\/div>","protected":false},"author":1,"featured_media":0,"comment_status":"closed","ping_status":"closed","sticky":false,"template":"","format":"standard","meta":{"footnotes":""},"categories":[1],"tags":[],"class_list":["post-104317","post","type-post","status-publish","format-standard","hentry","category-startseite"],"_links":{"self":[{"href":"https:\/\/www.fuldaernachrichten.de\/index.php?rest_route=\/wp\/v2\/posts\/104317","targetHints":{"allow":["GET"]}}],"collection":[{"href":"https:\/\/www.fuldaernachrichten.de\/index.php?rest_route=\/wp\/v2\/posts"}],"about":[{"href":"https:\/\/www.fuldaernachrichten.de\/index.php?rest_route=\/wp\/v2\/types\/post"}],"author":[{"embeddable":true,"href":"https:\/\/www.fuldaernachrichten.de\/index.php?rest_route=\/wp\/v2\/users\/1"}],"replies":[{"embeddable":true,"href":"https:\/\/www.fuldaernachrichten.de\/index.php?rest_route=%2Fwp%2Fv2%2Fcomments&post=104317"}],"version-history":[{"count":0,"href":"https:\/\/www.fuldaernachrichten.de\/index.php?rest_route=\/wp\/v2\/posts\/104317\/revisions"}],"wp:attachment":[{"href":"https:\/\/www.fuldaernachrichten.de\/index.php?rest_route=%2Fwp%2Fv2%2Fmedia&parent=104317"}],"wp:term":[{"taxonomy":"category","embeddable":true,"href":"https:\/\/www.fuldaernachrichten.de\/index.php?rest_route=%2Fwp%2Fv2%2Fcategories&post=104317"},{"taxonomy":"post_tag","embeddable":true,"href":"https:\/\/www.fuldaernachrichten.de\/index.php?rest_route=%2Fwp%2Fv2%2Ftags&post=104317"}],"curies":[{"name":"wp","href":"https:\/\/api.w.org\/{rel}","templated":true}]}}