{"id":104311,"date":"2012-11-25T00:13:07","date_gmt":"2012-11-25T00:13:07","guid":{"rendered":"http:\/\/www.fuldaer-nachrichten.de\/?p=104311"},"modified":"2012-11-25T08:53:30","modified_gmt":"2012-11-25T08:53:30","slug":"jetzt-noch-anmelden-vierter-hessenweiter-tag-fur-die-literatur-am-26-mai","status":"publish","type":"post","link":"https:\/\/www.fuldaernachrichten.de\/?p=104311","title":{"rendered":"Jetzt noch anmelden! Vierter hessenweiter \u201eTag f\u00fcr die Literatur\u201c am 26. Mai"},"content":{"rendered":"<p>Frankfurt. Mehr als 20.000 Besucher hatten beim letzten \u201eTag f\u00fcr die Literatur\u201c ihre Begeisterung f\u00fcr hessische Kultur eindrucksvoll demonstriert. Wer am kommenden Literatur-Event als Mitveranstalter dabei sein will, hat noch bis zum Jahresende Zeit, sich anzumelden. Der vierte hessenweite \u201eTag f\u00fcr die Literatur\u201c findet am Sonntag, 26. Mai 2013, statt. Einen Schwerpunkt bilden die beiden literarischen Jubil\u00e4en des Jahres: das hessische Jubil\u00e4umsjahr \u201eGrimm2013\u201c und der Geburtstag Georg B\u00fcchners, der sich zum 200. Mal j\u00e4hrt.<!--more--><\/p>\n<p>Die Veranstaltungen und Aktionen zum \u201eTag f\u00fcr die Literatur\u201c sollten m\u00f6glichst an Orten stattfinden, an denen Literaten gelebt oder gearbeitet haben oder die einen anderen Bezug zur hessischen Literaturgeschichte haben. Werke zeitgen\u00f6ssischer Autoren sollten hessische Themen behandeln. Mitmachen k\u00f6nnen unter anderem Dichterh\u00e4user, Archive, Bibliotheken, Gedenkst\u00e4tten, Literaturh\u00e4user, literarische Vereine und Gesellschaften, aber auch Volkshochschulen, Universit\u00e4ten, St\u00e4dte, Gemeinden und Schulen \u2013 die Letztgenannten wegen der Schul\u00f6ffnungszeiten auch in der Vorwoche am 24. und 25. Mai.<\/p>\n<p>Der hessenweite \u201eTag f\u00fcr die Literatur\u201c wird vom \u201eLiteraturland Hessen\u201c, einem Gemeinschaftsprojekt von hr2-kultur, dem Hessischen Ministerium f\u00fcr Wissenschaft und Kunst sowie dem Hessischen Literaturrat, ausgerichtet. Weitere Informationen unter Telefon: 069\/155-49 60 oder im Internet unter: www.literaturland.hr-online.de. Hier steht auch das Anmeldeformular zum Download bereit. Anmeldeschluss ist der 31. Dezember 2012.<\/p>\n<p>hr2-kultur: UKW 95,3, 96,7, 99,6 und 95,0 MHz \/ Livestream unter www.hr2-kultur.de<\/p>\n","protected":false},"excerpt":{"rendered":"<div class=\"tmnf_excerpt\"><p>Frankfurt. Mehr als 20.000 Besucher hatten beim letzten \u201eTag f\u00fcr die Literatur\u201c ihre Begeisterung f\u00fcr hessische Kultur eindrucksvoll demonstriert. Wer am kommenden Literatur-Event als Mitveranstalter dabei sein will, hat noch bis zum Jahresende Zeit, sich anzumelden. Der vierte hessenweite \u201eTag f\u00fcr die Literatur\u201c findet am Sonntag, 26. Mai 2013, statt. Einen Schwerpunkt bilden die beiden &hellip;<\/p>\n<\/div>","protected":false},"author":1,"featured_media":0,"comment_status":"closed","ping_status":"closed","sticky":false,"template":"","format":"standard","meta":{"footnotes":""},"categories":[1,44],"tags":[],"class_list":["post-104311","post","type-post","status-publish","format-standard","hentry","category-startseite","category-kultur"],"_links":{"self":[{"href":"https:\/\/www.fuldaernachrichten.de\/index.php?rest_route=\/wp\/v2\/posts\/104311","targetHints":{"allow":["GET"]}}],"collection":[{"href":"https:\/\/www.fuldaernachrichten.de\/index.php?rest_route=\/wp\/v2\/posts"}],"about":[{"href":"https:\/\/www.fuldaernachrichten.de\/index.php?rest_route=\/wp\/v2\/types\/post"}],"author":[{"embeddable":true,"href":"https:\/\/www.fuldaernachrichten.de\/index.php?rest_route=\/wp\/v2\/users\/1"}],"replies":[{"embeddable":true,"href":"https:\/\/www.fuldaernachrichten.de\/index.php?rest_route=%2Fwp%2Fv2%2Fcomments&post=104311"}],"version-history":[{"count":1,"href":"https:\/\/www.fuldaernachrichten.de\/index.php?rest_route=\/wp\/v2\/posts\/104311\/revisions"}],"predecessor-version":[{"id":104312,"href":"https:\/\/www.fuldaernachrichten.de\/index.php?rest_route=\/wp\/v2\/posts\/104311\/revisions\/104312"}],"wp:attachment":[{"href":"https:\/\/www.fuldaernachrichten.de\/index.php?rest_route=%2Fwp%2Fv2%2Fmedia&parent=104311"}],"wp:term":[{"taxonomy":"category","embeddable":true,"href":"https:\/\/www.fuldaernachrichten.de\/index.php?rest_route=%2Fwp%2Fv2%2Fcategories&post=104311"},{"taxonomy":"post_tag","embeddable":true,"href":"https:\/\/www.fuldaernachrichten.de\/index.php?rest_route=%2Fwp%2Fv2%2Ftags&post=104311"}],"curies":[{"name":"wp","href":"https:\/\/api.w.org\/{rel}","templated":true}]}}