{"id":104309,"date":"2012-11-25T00:12:24","date_gmt":"2012-11-25T00:12:24","guid":{"rendered":"http:\/\/www.fuldaer-nachrichten.de\/?p=104309"},"modified":"2012-11-25T08:52:34","modified_gmt":"2012-11-25T08:52:34","slug":"ausstellung-zu-den-ausgrabungen-in-mus-vortragsabend-am-12-dezember","status":"publish","type":"post","link":"https:\/\/www.fuldaernachrichten.de\/?p=104309","title":{"rendered":"Ausstellung zu den Ausgrabungen in M\u00fcs \u2013 Vortragsabend am 12. Dezember"},"content":{"rendered":"<p><img fetchpriority=\"high\" decoding=\"async\" class=\"alignleft size-thumbnail wp-image-104310\" title=\"rathaus_ausstellung_ausgrabung_mues\" src=\"http:\/\/www.fuldaer-nachrichten.de\/wp-content\/uploads\/2012\/11\/rathaus_ausstellung_ausgrabung_mues-265x198.jpg\" alt=\"\" width=\"265\" height=\"198\" srcset=\"https:\/\/www.fuldaernachrichten.de\/wp-content\/uploads\/2012\/11\/rathaus_ausstellung_ausgrabung_mues-265x198.jpg 265w, https:\/\/www.fuldaernachrichten.de\/wp-content\/uploads\/2012\/11\/rathaus_ausstellung_ausgrabung_mues.jpg 600w\" sizes=\"(max-width: 265px) 100vw, 265px\" \/>Gro\u00dfenl\u00fcder. Die Ausgrabungen, die im Sommer 2010 und 2011 in M\u00fcs an der Altefeld durchgef\u00fchrt wurden, haben einige interessante Fundst\u00fccke sowie wertvolle Erkenntnisse zur Heimatgeschichte zu Tage gef\u00f6rdert. In einer Ausstellung im Heimatmuseum Gro\u00dfenl\u00fcder werden die Ergebnisse der Ausgrabungen jetzt pr\u00e4sentiert. Dazu hat Stadt- und Kreisarch\u00e4ologe Dr. Frank Verse mit seinem Team den Verlauf, sowie die Ergebnisse und interessanten geschichtlichen Hintergr\u00fcnde der Grabungen in dieser Ausstellung zusammengetragen.<!--more--><\/p>\n<p>Arbeiten an der M\u00fcser Chronik hatten das Augenmerk auf die Grabungsstelle in M\u00fcs gelenkt. Geophysikalische Messungen bekr\u00e4ftigten die Vermutungen und so wurde 2010 mit den ersten Ausgrabungen begonnen. Gefunden wurde ein Schlackenplatz mit Teilen des dazugeh\u00f6renden Schmelzofens.<\/p>\n<p>Da weitere aufschlussreiche Funde in diesem Bereich vermutet wurden, fanden im August 2011 unter der Leitung von Frau Johanna Trabert weitere Ausgrabungen statt. An einer nahe gelegenen Stelle wurde dann u. a. Teile eines alten Backofens gefunden. Die Ausstellung zeigt ein rekonstruiertes Modell dieses Fundes. Die verschiedenen Funde lassen nach Auskunft von Dr. Verse auf eine mittelalterliche Gewerbesiedlung mit einer Eisenverh\u00fcttung schlie\u00dfen. Zahlreiche Gef\u00e4\u00dffragmente, Reibstein, Ofenkachel sowie St\u00fccke der Textilverarbeitung, wie Spinnwirtel und Webgewicht, weisen auf das Wohnumfeld der ehemaligen Bewohner hin.<\/p>\n<p>Die Ausstellung kann w\u00e4hrend der \u00d6ffnungszeiten der Internationalen Krippenausstellung\u00c2\u00a0 bis zum 06. Januar 2013 besichtigt werden: An den Adventssonntagen, 2. Weihnachtsfeiertag sowie am 06.01.2013 jeweils von 14.00 bis 17.00 Uhr oder montags von 10.00 bis 12.00 Uhr.<\/p>\n<p style=\"text-align: left;\" align=\"center\">Weitere Informationen zum Verlauf der Ausgrabungen sowie interessante Ausk\u00fcnfte zu den Fundst\u00fccken bietet Herr Dr. Frank Verse und Frau Johanna Trabert in einem Vortragsabend am Mittwoch, 12. Dezember 2012, 19.00 Uhr, im Stiftskapitularischen Amtshaus Gro\u00dfenl\u00fcder, Marktplatz mit dem Thema \u201eMittelalterliche Gewerbesiedlung im Keutz bei M\u00fcs\u201c. Alle interessierten B\u00fcrgerinnen und B\u00fcrger sind herzlich eingeladen.<\/p>\n","protected":false},"excerpt":{"rendered":"<div class=\"tmnf_excerpt\"><p>Gro\u00dfenl\u00fcder. Die Ausgrabungen, die im Sommer 2010 und 2011 in M\u00fcs an der Altefeld durchgef\u00fchrt wurden, haben einige interessante Fundst\u00fccke sowie wertvolle Erkenntnisse zur Heimatgeschichte zu Tage gef\u00f6rdert. In einer Ausstellung im Heimatmuseum Gro\u00dfenl\u00fcder werden die Ergebnisse der Ausgrabungen jetzt pr\u00e4sentiert. Dazu hat Stadt- und Kreisarch\u00e4ologe Dr. Frank Verse mit seinem Team den Verlauf, sowie &hellip;<\/p>\n<\/div>","protected":false},"author":1,"featured_media":0,"comment_status":"closed","ping_status":"closed","sticky":false,"template":"","format":"standard","meta":{"footnotes":""},"categories":[1,44],"tags":[],"class_list":["post-104309","post","type-post","status-publish","format-standard","hentry","category-startseite","category-kultur"],"_links":{"self":[{"href":"https:\/\/www.fuldaernachrichten.de\/index.php?rest_route=\/wp\/v2\/posts\/104309","targetHints":{"allow":["GET"]}}],"collection":[{"href":"https:\/\/www.fuldaernachrichten.de\/index.php?rest_route=\/wp\/v2\/posts"}],"about":[{"href":"https:\/\/www.fuldaernachrichten.de\/index.php?rest_route=\/wp\/v2\/types\/post"}],"author":[{"embeddable":true,"href":"https:\/\/www.fuldaernachrichten.de\/index.php?rest_route=\/wp\/v2\/users\/1"}],"replies":[{"embeddable":true,"href":"https:\/\/www.fuldaernachrichten.de\/index.php?rest_route=%2Fwp%2Fv2%2Fcomments&post=104309"}],"version-history":[{"count":0,"href":"https:\/\/www.fuldaernachrichten.de\/index.php?rest_route=\/wp\/v2\/posts\/104309\/revisions"}],"wp:attachment":[{"href":"https:\/\/www.fuldaernachrichten.de\/index.php?rest_route=%2Fwp%2Fv2%2Fmedia&parent=104309"}],"wp:term":[{"taxonomy":"category","embeddable":true,"href":"https:\/\/www.fuldaernachrichten.de\/index.php?rest_route=%2Fwp%2Fv2%2Fcategories&post=104309"},{"taxonomy":"post_tag","embeddable":true,"href":"https:\/\/www.fuldaernachrichten.de\/index.php?rest_route=%2Fwp%2Fv2%2Ftags&post=104309"}],"curies":[{"name":"wp","href":"https:\/\/api.w.org\/{rel}","templated":true}]}}