{"id":104308,"date":"2012-11-25T00:11:10","date_gmt":"2012-11-25T00:11:10","guid":{"rendered":"http:\/\/www.fuldaer-nachrichten.de\/?p=104308"},"modified":"2012-11-25T08:49:36","modified_gmt":"2012-11-25T08:49:36","slug":"soziale-netzwerke-datenschutz-cyber-mobbing-fortbildungsveranstaltung-fur-lehrer","status":"publish","type":"post","link":"https:\/\/www.fuldaernachrichten.de\/?p=104308","title":{"rendered":"Soziale Netzwerke, Datenschutz, Cyber-Mobbing &#8211; Fortbildungsveranstaltung f\u00fcr Lehrer"},"content":{"rendered":"<p>Fulda. Fr\u00fcher haben Jugendliche auf dem Schulhof gestritten oder gel\u00e4stert. Heute ver\u00f6ffentlichen sie \u00fcber Internet und Handy peinliche Fotos, posten Beleidigungen oder surfen unter falscher Identit\u00e4t. Laut einer repr\u00e4sentativen Forsa-Umfrage im Auftrag der Techniker Krankasse (TK) waren 32 Prozent der befragten Jugendlichen zwischen 14 und 20 Jahren in Deutschland bereits einmal Opfer einer Cybermobbing-Attacke. Damit sich Lehrkr\u00e4fte \u00fcber die moderne Kommunikationskultur informieren k\u00f6nnen, findet am 29. November in Zusammenarbeit mit der Fachstelle f\u00fcr Suchtpr\u00e4vention an der Freiherr-vom-Stein Schule in Fulda eine Fortbildung statt. <!--more--><br \/>\nW\u00e4hrend der dreist\u00fcndigen Veranstaltung kl\u00e4rt Thomas Graf, Bildungsreferent f\u00fcr Pr\u00e4vention und Medienp\u00e4dagogik, neben den Nutzungsmotiven sozialer Netzwerke auch Fragen des Datenschutzes. Au\u00dferdem geht er darauf ein, wie Daten Dritter zum Mobbing missbraucht werden k\u00f6nnen und was die Schule und die Eltern dagegen tun k\u00f6nnen. Auf Grundlage der Fortbildung kann sp\u00e4ter eine Unterrichtseinheit f\u00fcr Sch\u00fcler entwickelt werden, damit sie sensibler mit privaten Daten im Netz umgehen.<\/p>\n<p>Die Veranstaltung ist Teil des landesweiten Projekts &#8220;Netz mit Web-Fehlern?&#8221;, das die Hessische Landesstelle f\u00fcr Suchtfragen (HLS) mit Unterst\u00fctzung der TK in Hessen ins Leben gerufen hat. Das Projekt m\u00f6chte auf die Gefahren eines exzessiven Medienkonsums aufmerksam zu machen und ein Hilfsangebot f\u00fcr Betroffene und deren Angeh\u00f6rige in Hessen bereitstellen. Durch das Projekt werden seit Herbst 2008 regelm\u00e4\u00dfig Informationsveranstaltungen und Medienkompetenzseminare mit unterschiedlichen Kooperationspartnern angeboten.<\/p>\n<p>Die Teilnahme an der Fortbildung steht allen Lehrern offen. Wer Interesse hat, kann sich bei Tina Wienr\u00f6der von der Fachstelle Suchtpr\u00e4vention unter der Telefonnummer 06 61 &#8211; 83 88-219 anmelden oder schreibt eine E-Mail an t.wienroeder@diakonie-fulda.de.<\/p>\n","protected":false},"excerpt":{"rendered":"<div class=\"tmnf_excerpt\"><p>Fulda. Fr\u00fcher haben Jugendliche auf dem Schulhof gestritten oder gel\u00e4stert. Heute ver\u00f6ffentlichen sie \u00fcber Internet und Handy peinliche Fotos, posten Beleidigungen oder surfen unter falscher Identit\u00e4t. Laut einer repr\u00e4sentativen Forsa-Umfrage im Auftrag der Techniker Krankasse (TK) waren 32 Prozent der befragten Jugendlichen zwischen 14 und 20 Jahren in Deutschland bereits einmal Opfer einer Cybermobbing-Attacke. Damit &hellip;<\/p>\n<\/div>","protected":false},"author":1,"featured_media":0,"comment_status":"closed","ping_status":"closed","sticky":false,"template":"","format":"standard","meta":{"footnotes":""},"categories":[1,53],"tags":[],"class_list":["post-104308","post","type-post","status-publish","format-standard","hentry","category-startseite","category-bildung"],"_links":{"self":[{"href":"https:\/\/www.fuldaernachrichten.de\/index.php?rest_route=\/wp\/v2\/posts\/104308","targetHints":{"allow":["GET"]}}],"collection":[{"href":"https:\/\/www.fuldaernachrichten.de\/index.php?rest_route=\/wp\/v2\/posts"}],"about":[{"href":"https:\/\/www.fuldaernachrichten.de\/index.php?rest_route=\/wp\/v2\/types\/post"}],"author":[{"embeddable":true,"href":"https:\/\/www.fuldaernachrichten.de\/index.php?rest_route=\/wp\/v2\/users\/1"}],"replies":[{"embeddable":true,"href":"https:\/\/www.fuldaernachrichten.de\/index.php?rest_route=%2Fwp%2Fv2%2Fcomments&post=104308"}],"version-history":[{"count":0,"href":"https:\/\/www.fuldaernachrichten.de\/index.php?rest_route=\/wp\/v2\/posts\/104308\/revisions"}],"wp:attachment":[{"href":"https:\/\/www.fuldaernachrichten.de\/index.php?rest_route=%2Fwp%2Fv2%2Fmedia&parent=104308"}],"wp:term":[{"taxonomy":"category","embeddable":true,"href":"https:\/\/www.fuldaernachrichten.de\/index.php?rest_route=%2Fwp%2Fv2%2Fcategories&post=104308"},{"taxonomy":"post_tag","embeddable":true,"href":"https:\/\/www.fuldaernachrichten.de\/index.php?rest_route=%2Fwp%2Fv2%2Ftags&post=104308"}],"curies":[{"name":"wp","href":"https:\/\/api.w.org\/{rel}","templated":true}]}}