{"id":104305,"date":"2012-11-25T00:12:22","date_gmt":"2012-11-25T00:12:22","guid":{"rendered":"http:\/\/www.fuldaer-nachrichten.de\/?p=104305"},"modified":"2012-11-25T08:47:37","modified_gmt":"2012-11-25T08:47:37","slug":"tegut-unter-den-nachhaltigsten-buros-deutschlands","status":"publish","type":"post","link":"https:\/\/www.fuldaernachrichten.de\/?p=104305","title":{"rendered":"tegut\u00e2\u20ac\u00a6 unter den nachhaltigsten B\u00fcros Deutschlands"},"content":{"rendered":"<p><img decoding=\"async\" class=\"alignleft size-thumbnail wp-image-104306\" title=\"tegut... vom B.A.U.M. e.V. ausgezeichnet\" src=\"http:\/\/www.fuldaer-nachrichten.de\/wp-content\/uploads\/2012\/11\/tegut...-vom-B.A.U.M.-e.V.-ausgezeichnet-265x175.jpg\" alt=\"\" width=\"265\" height=\"175\" srcset=\"https:\/\/www.fuldaernachrichten.de\/wp-content\/uploads\/2012\/11\/tegut...-vom-B.A.U.M.-e.V.-ausgezeichnet-265x175.jpg 265w, https:\/\/www.fuldaernachrichten.de\/wp-content\/uploads\/2012\/11\/tegut...-vom-B.A.U.M.-e.V.-ausgezeichnet.jpg 600w\" sizes=\"(max-width: 265px) 100vw, 265px\" \/>K\u00f6ln\/Fulda. Das Unternehmen tegut\u00e2\u20ac\u00a6 aus Fulda hat 2012 beim Wettbewerb \u201eB\u00fcro &amp; Umwelt\u201c des B.A.U.M. e.V. den zweiten Platz in der Kategorie Unternehmen mit \u00fcber 500 Mitarbeitern belegt. B.A.U.M.-Vorstandsmitglied Dieter Br\u00fcbach lobte vor allem den internen Nachhaltigkeitskreis \u201eHeile Welt AG\u201c. Diese freiwillige Arbeitsgruppe von tegut\u00e2\u20ac\u00a6 Mitarbeitenden sammelt Anregungen und Tipps, um nachhaltiges Verhalten am Arbeitsplatz zu f\u00f6rdern. Dar\u00fcber hinaus \u00fcberzeugte das Unternehmen mit seiner umweltfreundlichen Nutzung der Drucker (z.B. durch die Voreinstellung des beidseitigen Drucks in schwarz\/wei\u00df) sowie seiner vorbildlichen Wertstoffentsorgung. Der Wettbewerb \u201eB\u00fcro &amp; Umwelt\u201c ist bereits zum f\u00fcnften Mal vom B.A.U.M. e.V. ausgeschrieben worden. tegut\u00e2\u20ac\u00a6 wurde in diesem Rahmen schon 2010 f\u00fcr sein nachhaltiges Verhalten im B\u00fcroalltag ausgezeichnet.<!--more--><br \/>\n<strong>Hintergrundinfo zum B.A.U.M. e.V.<\/strong><br \/>\nDer B.A.U.M. e.V. (Bundesdeutscher Arbeitskreis f\u00fcr Umweltbewusstes Management) ist 1984 als erste \u00fcberparteiliche Umweltinitiative der Wirtschaft gegr\u00fcndet worden und heute mit \u00fcber 500 Mitgliedern europaweit das gr\u00f6\u00dfte Netzwerk f\u00fcr nachhaltiges Wirtschaften. Hauptsitz des B.A.U.M. e.V. ist Hamburg. Der von der Umweltinitiative organisierte Wettbewerb \u201eB\u00fcro &amp; Umwelt\u201c richtet sich an Unternehmen aller Gr\u00f6\u00dfenordnungen sowie an \u00f6ffentliche Einrichtungen und Verwaltungen. Die Preisverleihung fand 2012 erstmals auf der Internationalen Leitmesse f\u00fcr B\u00fcro und B\u00fcroartikel ORGATEC in K\u00f6ln statt.<\/p>\n<p>im Bild v.l.: Rainer Rausch, tegut&#8230; Gesch\u00e4ftsleitung Marktorientierung; Dieter Br\u00fcbach, Vorstand B.A.U.M. e.V.; Hannah Kreeb, tegut&#8230; Produktmanagement, und Marc-Oliver Pahl, Ministerium f\u00fcr Klimaschutz, Umwelt, Landwirtschaft, Natur- und Verbraucherschutz NRW)<\/p>\n","protected":false},"excerpt":{"rendered":"<div class=\"tmnf_excerpt\"><p>K\u00f6ln\/Fulda. Das Unternehmen tegut\u00e2\u20ac\u00a6 aus Fulda hat 2012 beim Wettbewerb \u201eB\u00fcro &amp; Umwelt\u201c des B.A.U.M. e.V. den zweiten Platz in der Kategorie Unternehmen mit \u00fcber 500 Mitarbeitern belegt. B.A.U.M.-Vorstandsmitglied Dieter Br\u00fcbach lobte vor allem den internen Nachhaltigkeitskreis \u201eHeile Welt AG\u201c. Diese freiwillige Arbeitsgruppe von tegut\u00e2\u20ac\u00a6 Mitarbeitenden sammelt Anregungen und Tipps, um nachhaltiges Verhalten am Arbeitsplatz &hellip;<\/p>\n<\/div>","protected":false},"author":1,"featured_media":0,"comment_status":"closed","ping_status":"closed","sticky":false,"template":"","format":"standard","meta":{"footnotes":""},"categories":[1,29],"tags":[],"class_list":["post-104305","post","type-post","status-publish","format-standard","hentry","category-startseite","category-politik"],"_links":{"self":[{"href":"https:\/\/www.fuldaernachrichten.de\/index.php?rest_route=\/wp\/v2\/posts\/104305","targetHints":{"allow":["GET"]}}],"collection":[{"href":"https:\/\/www.fuldaernachrichten.de\/index.php?rest_route=\/wp\/v2\/posts"}],"about":[{"href":"https:\/\/www.fuldaernachrichten.de\/index.php?rest_route=\/wp\/v2\/types\/post"}],"author":[{"embeddable":true,"href":"https:\/\/www.fuldaernachrichten.de\/index.php?rest_route=\/wp\/v2\/users\/1"}],"replies":[{"embeddable":true,"href":"https:\/\/www.fuldaernachrichten.de\/index.php?rest_route=%2Fwp%2Fv2%2Fcomments&post=104305"}],"version-history":[{"count":0,"href":"https:\/\/www.fuldaernachrichten.de\/index.php?rest_route=\/wp\/v2\/posts\/104305\/revisions"}],"wp:attachment":[{"href":"https:\/\/www.fuldaernachrichten.de\/index.php?rest_route=%2Fwp%2Fv2%2Fmedia&parent=104305"}],"wp:term":[{"taxonomy":"category","embeddable":true,"href":"https:\/\/www.fuldaernachrichten.de\/index.php?rest_route=%2Fwp%2Fv2%2Fcategories&post=104305"},{"taxonomy":"post_tag","embeddable":true,"href":"https:\/\/www.fuldaernachrichten.de\/index.php?rest_route=%2Fwp%2Fv2%2Ftags&post=104305"}],"curies":[{"name":"wp","href":"https:\/\/api.w.org\/{rel}","templated":true}]}}