{"id":104298,"date":"2012-11-24T00:09:41","date_gmt":"2012-11-24T00:09:41","guid":{"rendered":"http:\/\/www.fuldaer-nachrichten.de\/?p=104298"},"modified":"2012-11-24T11:20:20","modified_gmt":"2012-11-24T11:20:20","slug":"tsg-kunzell-entfuhrte-das-publikum-in-die-welt-aus-musical-film-und-fernsehen","status":"publish","type":"post","link":"https:\/\/www.fuldaernachrichten.de\/?p=104298","title":{"rendered":"TSG K\u00fcnzell entf\u00fchrte das Publikum in die Welt aus Musical, Film und Fernsehen"},"content":{"rendered":"<p><img fetchpriority=\"high\" decoding=\"async\" class=\"alignnone size-full wp-image-104299\" title=\"DSC_0108-(3)\" src=\"http:\/\/www.fuldaer-nachrichten.de\/wp-content\/uploads\/2012\/11\/DSC_0108-3.jpg\" alt=\"\" width=\"560\" height=\"365\" \/><\/p>\n<p>An zwei Abenden entf\u00fchrte die TSG K\u00fcnzell mit ihren drei Teams fast 1000 Besucher in die Welt aus Musical, Film und Fernsehen und zeigte, warum sie schon so viele Titel errungen haben. Gleich zu Beginn konnte die Hauptklasse in \u201eThe Addams Family\u201c \u00fcberzeugen. Fantasievolle Kost\u00fcme und ein urkomisch umgesetzte Chorographie begeisterten die Zuschauer. <!--more--><\/p>\n<p>Die Sch\u00fcler im Alter von 9 bis 12 Jahren entf\u00fchrten in die Welt von \u201eDisney-Dreaming \u2013 ein Traum wird wahr\u201c. Mit Donald Duck, Tinkerbell, Mickey Mouse &amp; Co erlebten die Sch\u00fcler im letzten Jahr ihre erste Turniersaison mit wirklich gutem Erfolg. Gleich darauf folgte die Premiere der Jugend, die sich in diesem Jahr auf neue Wege begibt. \u00c2\u00a0Mit \u201eF\u00fcrchte ihren Fluch\u201c stellte die T\u00e4nzer sich vor eine sehr gro\u00dfe Herausforderung, egal ob es die Schritte oder die Kost\u00fcme sind, die begeisterten.<\/p>\n<p><img decoding=\"async\" class=\"alignnone size-thumbnail wp-image-104304\" title=\"DSC_0899-(3)\" src=\"http:\/\/www.fuldaer-nachrichten.de\/wp-content\/uploads\/2012\/11\/DSC_0899-3-265x176.jpg\" alt=\"\" width=\"265\" height=\"176\" srcset=\"https:\/\/www.fuldaernachrichten.de\/wp-content\/uploads\/2012\/11\/DSC_0899-3-265x176.jpg 265w, https:\/\/www.fuldaernachrichten.de\/wp-content\/uploads\/2012\/11\/DSC_0899-3.jpg 592w\" sizes=\"(max-width: 265px) 100vw, 265px\" \/> <img decoding=\"async\" class=\"alignnone  wp-image-104302\" title=\"DSC_0471-(3)\" src=\"http:\/\/www.fuldaer-nachrichten.de\/wp-content\/uploads\/2012\/11\/DSC_0471-3-265x191.jpg\" alt=\"\" width=\"246\" height=\"177\" srcset=\"https:\/\/www.fuldaernachrichten.de\/wp-content\/uploads\/2012\/11\/DSC_0471-3-265x191.jpg 265w, https:\/\/www.fuldaernachrichten.de\/wp-content\/uploads\/2012\/11\/DSC_0471-3.jpg 592w\" sizes=\"(max-width: 246px) 100vw, 246px\" \/><\/p>\n<p>Das Showtanz-Team gab mit \u201eStay blond to be yourself\u201c Einblicke in das Leben von Blondine Elle Woods aus dem Film \u201eNat\u00fcrlich blond!\u201c. Hier ging es von New York an die Havard University, wo Woods versucht, ihren Ex-Freund zur\u00fcckzugewinnen. Die junge Fuldaer S\u00e4ngerin, Marta Santek, die in diesem Jahr beim Bundesmusikwettbewerb \u201eJugend musiziert\u201c in der Sparte Musical brillierte, sang live das St\u00fcck \u201eDont\u00e2\u20ac\u02dc cry for me Argentina\u201c aus dem Musical \u201eEvita\u201c.<\/p>\n<p><img loading=\"lazy\" decoding=\"async\" class=\"alignnone size-thumbnail wp-image-104303\" title=\"DSC_0741-(3)\" src=\"http:\/\/www.fuldaer-nachrichten.de\/wp-content\/uploads\/2012\/11\/DSC_0741-3-265x149.jpg\" alt=\"\" width=\"265\" height=\"149\" srcset=\"https:\/\/www.fuldaernachrichten.de\/wp-content\/uploads\/2012\/11\/DSC_0741-3-265x149.jpg 265w, https:\/\/www.fuldaernachrichten.de\/wp-content\/uploads\/2012\/11\/DSC_0741-3.jpg 592w\" sizes=\"(max-width: 265px) 100vw, 265px\" \/> <img loading=\"lazy\" decoding=\"async\" class=\"alignnone size-thumbnail wp-image-104301\" title=\"DSC_0334-(3)\" src=\"http:\/\/www.fuldaer-nachrichten.de\/wp-content\/uploads\/2012\/11\/DSC_0334-3-265x191.jpg\" alt=\"\" width=\"265\" height=\"191\" srcset=\"https:\/\/www.fuldaernachrichten.de\/wp-content\/uploads\/2012\/11\/DSC_0334-3-265x191.jpg 265w, https:\/\/www.fuldaernachrichten.de\/wp-content\/uploads\/2012\/11\/DSC_0334-3.jpg 592w\" sizes=\"(max-width: 265px) 100vw, 265px\" \/><\/p>\n<p>Als weiterer H\u00f6hepunkt gl\u00e4nzte Anna-Lena Schubert in ihrem aktuellen Solotanz \u201eHol mich heim\u201c aus dem Musical \u201eElisabeth\u201c und wurde mit viel Applaus \u00c2\u00a0belohnt. Auch Florian Bull zeigte sein K\u00f6nnen in einem Solost\u00fcck aus dem Film \u201eDie Zeitungsjungen\u201c. Beide Solot\u00e4nzer bewiesen ihr \u00fcberragendes Talent und werden in der kommenden Turniersaison f\u00fcr die TSG in der Jugend- und Hauptklasse an den Start\u00c2\u00a0 gehen. Die T\u00e4nze hinter der \u201eSchattenwand\u201c waren ein absoluter Hingucker in einem Ausschnitt aus dem Film \u00c2\u00a0\u201eBurlesque\u201c . Bevor es in die Pause ging, begeisterten die Jive-T\u00e4nzer der Hauptklasse mit glitzernden Kost\u00fcmen und flotten Schritten.<\/p>\n<p><img loading=\"lazy\" decoding=\"async\" class=\"alignleft size-thumbnail wp-image-104300\" title=\"DSC_0268-(3)\" src=\"http:\/\/www.fuldaer-nachrichten.de\/wp-content\/uploads\/2012\/11\/DSC_0268-3-265x149.jpg\" alt=\"\" width=\"265\" height=\"149\" srcset=\"https:\/\/www.fuldaernachrichten.de\/wp-content\/uploads\/2012\/11\/DSC_0268-3-265x149.jpg 265w, https:\/\/www.fuldaernachrichten.de\/wp-content\/uploads\/2012\/11\/DSC_0268-3.jpg 592w\" sizes=\"(max-width: 265px) 100vw, 265px\" \/>Nach der Pause steppten die T\u00e4nzer auf der 42nd Street, vor der Spiegelwand &#8211; ein weiteres Highlight im Programm. \u00c2\u00a0Mit Spannung erwartet wurde auch der neue Turniertanz der Sch\u00fcler. Dieser entf\u00fchrte in die Welt der Prinzessin Anastasia und enth\u00fcllt ein Geheimnis aus alter Zeit. Hervorragend und professionell umgesetzt, zog er die begeisterten Zuschauer in seinen Bann. Die Jugendklasse zeigte die aktuelle Show \u201eSie schickt der Himmel\u201c mit Ausschnitten aus dem Musical \u201eSister Act\u201c, mit der sie amtierender Vize-Europameister sind.<\/p>\n<p>Mit der abschlie\u00dfenden Show \u201eWelcome to the 60\u00e2\u20ac\u2122ies\u201c brillierten die T\u00e4nzer und nahmen die begeisterten Zuschauer mit auf die Reise in die wilden 60er Jahre. Hier wurden Ausschnitte aus dem Musical \u201eHairspray\u201c gekonnt in Szene gesetzt. Mit fetziger Musik und verr\u00fcckten Kost\u00fcmen erreichte der Abend seinen H\u00f6hepunkt. Mit einem gro\u00dfen Finale aller Aktiven vor und hinter den Kulissen ging das fast dreist\u00fcndige Programm der TSG zu Ende. Die Zuschauer aus nah und fern waren sich einig: Hoffentlich hei\u00dft es bald wieder \u201eB\u00fchne frei\u201c f\u00fcr SHOWTIME!<\/p>\n","protected":false},"excerpt":{"rendered":"<div class=\"tmnf_excerpt\"><p>An zwei Abenden entf\u00fchrte die TSG K\u00fcnzell mit ihren drei Teams fast 1000 Besucher in die Welt aus Musical, Film und Fernsehen und zeigte, warum sie schon so viele Titel errungen haben. Gleich zu Beginn konnte die Hauptklasse in \u201eThe Addams Family\u201c \u00fcberzeugen. Fantasievolle Kost\u00fcme und ein urkomisch umgesetzte Chorographie begeisterten die Zuschauer.<\/p>\n<\/div>","protected":false},"author":1,"featured_media":0,"comment_status":"closed","ping_status":"closed","sticky":false,"template":"","format":"standard","meta":{"footnotes":""},"categories":[1,44,78],"tags":[],"class_list":["post-104298","post","type-post","status-publish","format-standard","hentry","category-startseite","category-kultur","category-topthema"],"_links":{"self":[{"href":"https:\/\/www.fuldaernachrichten.de\/index.php?rest_route=\/wp\/v2\/posts\/104298","targetHints":{"allow":["GET"]}}],"collection":[{"href":"https:\/\/www.fuldaernachrichten.de\/index.php?rest_route=\/wp\/v2\/posts"}],"about":[{"href":"https:\/\/www.fuldaernachrichten.de\/index.php?rest_route=\/wp\/v2\/types\/post"}],"author":[{"embeddable":true,"href":"https:\/\/www.fuldaernachrichten.de\/index.php?rest_route=\/wp\/v2\/users\/1"}],"replies":[{"embeddable":true,"href":"https:\/\/www.fuldaernachrichten.de\/index.php?rest_route=%2Fwp%2Fv2%2Fcomments&post=104298"}],"version-history":[{"count":0,"href":"https:\/\/www.fuldaernachrichten.de\/index.php?rest_route=\/wp\/v2\/posts\/104298\/revisions"}],"wp:attachment":[{"href":"https:\/\/www.fuldaernachrichten.de\/index.php?rest_route=%2Fwp%2Fv2%2Fmedia&parent=104298"}],"wp:term":[{"taxonomy":"category","embeddable":true,"href":"https:\/\/www.fuldaernachrichten.de\/index.php?rest_route=%2Fwp%2Fv2%2Fcategories&post=104298"},{"taxonomy":"post_tag","embeddable":true,"href":"https:\/\/www.fuldaernachrichten.de\/index.php?rest_route=%2Fwp%2Fv2%2Ftags&post=104298"}],"curies":[{"name":"wp","href":"https:\/\/api.w.org\/{rel}","templated":true}]}}