{"id":104295,"date":"2012-11-24T00:12:23","date_gmt":"2012-11-24T00:12:23","guid":{"rendered":"http:\/\/www.fuldaer-nachrichten.de\/?p=104295"},"modified":"2012-11-24T11:15:30","modified_gmt":"2012-11-24T11:15:30","slug":"film-colours-of-the-sky-ab-sofort-auf-dvd-blu-ray-erhaltlich","status":"publish","type":"post","link":"https:\/\/www.fuldaernachrichten.de\/?p=104295","title":{"rendered":"Film &#8220;Colours of the Sky&#8221; ab sofort auf DVD &#038; Blu-ray erh\u00e4ltlich"},"content":{"rendered":"<p><img decoding=\"async\" class=\"alignleft size-thumbnail wp-image-104296\" title=\"web_produktshot-1024x609\" src=\"http:\/\/www.fuldaer-nachrichten.de\/wp-content\/uploads\/2012\/11\/web_produktshot-1024x609-265x157.jpg\" alt=\"\" width=\"265\" height=\"157\" srcset=\"https:\/\/www.fuldaernachrichten.de\/wp-content\/uploads\/2012\/11\/web_produktshot-1024x609-265x157.jpg 265w, https:\/\/www.fuldaernachrichten.de\/wp-content\/uploads\/2012\/11\/web_produktshot-1024x609.jpg 600w\" sizes=\"(max-width: 265px) 100vw, 265px\" \/>Rh\u00f6n. Das Doku-Drama &#8220;Colours of the Sky &#8211; Farben des Himmelst&#8221; n\u00e4hert\u00c2\u00a0 sich dem Traum vom Fliegen auf interessante Weise: Neben imposanten Flugaufnahmen behandelt der Film auch den menschlichen Aspekt: Er begleitet drei vom Hunger nach Freiheit getriebene Flugsportler und stellt die Frage nach dem Sinn von Tr\u00e4umen. Der Film verwendet hierbei sowohl dokumentarische, als auch experimentelle und szenische Stilmittel: Als fiktive Nebenhandlung fungiert die Lebensgeschichte eines Mannes, der sich erst im hohen Alter seinen Lebenstraum erf\u00fcllt.<br \/>\n<!--more--><br \/>\nHauptdrehort war die Rh\u00f6ner Wasserkuppe, Mittelpunkt und Wiege des internationalen Segelflugsports. Ein Teil der Spielfilmsequenzen wurden in Schweinfurt und W\u00fcrzburg gedreht. Der Film entstand unter der Regie von Christoph Kirchner als Schwerpunktprojekt im Studiengang Kommunikationsdesign, Studienrichtung Film an der Fachhochschule W\u00fcrzburg. Als Produktionsfirma fungiert Christoph Kirchner Film &amp; Media\u00c2\u00a0 (\u201eTrace of Light\u201c), die sich auch um Pressearbeit und Vermarktung k\u00fcmmert. Der Film ist in limitierter Auflage ab sofort unter <a href=\"http:\/\/shop.coloursofthesky.com\" target=\"_blank\">http:\/\/shop.coloursofthesky.com<\/a> erh\u00e4ltlich. Die Datentr\u00e4ger erhalten neben zahlreichen Specials auch eine Postkarte, eine 3D Brille sowie die deutsche und englsiche 2D- und 3D-Fassungen des Films.<\/p>\n","protected":false},"excerpt":{"rendered":"<div class=\"tmnf_excerpt\"><p>Rh\u00f6n. Das Doku-Drama &#8220;Colours of the Sky &#8211; Farben des Himmelst&#8221; n\u00e4hert\u00c2\u00a0 sich dem Traum vom Fliegen auf interessante Weise: Neben imposanten Flugaufnahmen behandelt der Film auch den menschlichen Aspekt: Er begleitet drei vom Hunger nach Freiheit getriebene Flugsportler und stellt die Frage nach dem Sinn von Tr\u00e4umen. Der Film verwendet hierbei sowohl dokumentarische, als &hellip;<\/p>\n<\/div>","protected":false},"author":1,"featured_media":0,"comment_status":"closed","ping_status":"closed","sticky":false,"template":"","format":"standard","meta":{"footnotes":""},"categories":[1,44,46],"tags":[],"class_list":["post-104295","post","type-post","status-publish","format-standard","hentry","category-startseite","category-kultur","category-sport"],"_links":{"self":[{"href":"https:\/\/www.fuldaernachrichten.de\/index.php?rest_route=\/wp\/v2\/posts\/104295","targetHints":{"allow":["GET"]}}],"collection":[{"href":"https:\/\/www.fuldaernachrichten.de\/index.php?rest_route=\/wp\/v2\/posts"}],"about":[{"href":"https:\/\/www.fuldaernachrichten.de\/index.php?rest_route=\/wp\/v2\/types\/post"}],"author":[{"embeddable":true,"href":"https:\/\/www.fuldaernachrichten.de\/index.php?rest_route=\/wp\/v2\/users\/1"}],"replies":[{"embeddable":true,"href":"https:\/\/www.fuldaernachrichten.de\/index.php?rest_route=%2Fwp%2Fv2%2Fcomments&post=104295"}],"version-history":[{"count":1,"href":"https:\/\/www.fuldaernachrichten.de\/index.php?rest_route=\/wp\/v2\/posts\/104295\/revisions"}],"predecessor-version":[{"id":104297,"href":"https:\/\/www.fuldaernachrichten.de\/index.php?rest_route=\/wp\/v2\/posts\/104295\/revisions\/104297"}],"wp:attachment":[{"href":"https:\/\/www.fuldaernachrichten.de\/index.php?rest_route=%2Fwp%2Fv2%2Fmedia&parent=104295"}],"wp:term":[{"taxonomy":"category","embeddable":true,"href":"https:\/\/www.fuldaernachrichten.de\/index.php?rest_route=%2Fwp%2Fv2%2Fcategories&post=104295"},{"taxonomy":"post_tag","embeddable":true,"href":"https:\/\/www.fuldaernachrichten.de\/index.php?rest_route=%2Fwp%2Fv2%2Ftags&post=104295"}],"curies":[{"name":"wp","href":"https:\/\/api.w.org\/{rel}","templated":true}]}}