{"id":104294,"date":"2012-11-24T00:12:50","date_gmt":"2012-11-24T00:12:50","guid":{"rendered":"http:\/\/www.fuldaer-nachrichten.de\/?p=104294"},"modified":"2012-11-24T11:13:34","modified_gmt":"2012-11-24T11:13:34","slug":"fuldaer-tafel-stellt-klar-keine-spendensammler-unterwegs","status":"publish","type":"post","link":"https:\/\/www.fuldaernachrichten.de\/?p=104294","title":{"rendered":"Fuldaer Tafel stellt klar: Keine Spendensammler unterwegs"},"content":{"rendered":"<p>Fulda. \u201eDie Fuldaer Tafel f\u00fchrt in der Innenstadt von Fulda keine Stra\u00dfensammlung durch und hat auch keine anderen Personen oder Organisationen autorisiert oder gar beauftragt, im Namen der Tafel dort um Geldspenden zu bitten.\u201c Dies stellte Heinz Steege, erster Vorsitzender der Fuldaer Tafel, gegen\u00fcber der Presse klar. Er reagierte damit auf Hinweise, dass in letzter Zeit erneut Spendensammler in der Innenstadt von Fulda Passanten angesprochen und um Geldspenden gebeten h\u00e4tten, die angeblich der Fuldaer Tafel zu Gute kommen sollten.<!--more--><\/p>\n<p>Die Fuldaer Tafel sei zur Finanzierung ihrer laufenden Ausgaben wie die Miete f\u00fcr ihre Ladenr\u00e4ume in der Weserstra\u00dfe und die Kosten f\u00fcr ihre vier zur Abholung von Lebensmitteln ben\u00f6tigten Fahrzeuge zwar dringend auf Spenden angewiesen, sagte Steege. Wer die Fuldaer Tafel finanziell unterst\u00fctzen wolle, werde aber gebeten, seine Spende auf das Spendenkonto 55 bei der Sparkasse Fulda einzuzahlen oder sie im B\u00fcro der Fuldaer Tafel in der Weserstra\u00dfe 33 zu \u00fcbergeben. So k\u00f6nne vermieden werden, dass vorgebliche Spendensammler auf der Stra\u00dfe den guten Namen der Fuldaer Tafel f\u00fcr m\u00f6glicherweise betr\u00fcgerische Zwecke ausnutzten.<\/p>\n<p>Die Fuldaer Tafel gibt seit acht Jahren gute Lebensmittel, die ansonsten vernichtet werden m\u00fcssten, an bed\u00fcrftige Menschen weiter. Sie geh\u00f6rt zu den gr\u00f6\u00dften Tafeln Hessens und verteilt jede Woche Lebensmittel an 3700 einkommensschwache Menschen, darunter an mehr als 1300 Kinder.<\/p>\n<p>&nbsp;<\/p>\n","protected":false},"excerpt":{"rendered":"<div class=\"tmnf_excerpt\"><p>Fulda. \u201eDie Fuldaer Tafel f\u00fchrt in der Innenstadt von Fulda keine Stra\u00dfensammlung durch und hat auch keine anderen Personen oder Organisationen autorisiert oder gar beauftragt, im Namen der Tafel dort um Geldspenden zu bitten.\u201c Dies stellte Heinz Steege, erster Vorsitzender der Fuldaer Tafel, gegen\u00fcber der Presse klar. Er reagierte damit auf Hinweise, dass in letzter &hellip;<\/p>\n<\/div>","protected":false},"author":1,"featured_media":0,"comment_status":"closed","ping_status":"closed","sticky":false,"template":"","format":"standard","meta":{"footnotes":""},"categories":[1],"tags":[],"class_list":["post-104294","post","type-post","status-publish","format-standard","hentry","category-startseite"],"_links":{"self":[{"href":"https:\/\/www.fuldaernachrichten.de\/index.php?rest_route=\/wp\/v2\/posts\/104294","targetHints":{"allow":["GET"]}}],"collection":[{"href":"https:\/\/www.fuldaernachrichten.de\/index.php?rest_route=\/wp\/v2\/posts"}],"about":[{"href":"https:\/\/www.fuldaernachrichten.de\/index.php?rest_route=\/wp\/v2\/types\/post"}],"author":[{"embeddable":true,"href":"https:\/\/www.fuldaernachrichten.de\/index.php?rest_route=\/wp\/v2\/users\/1"}],"replies":[{"embeddable":true,"href":"https:\/\/www.fuldaernachrichten.de\/index.php?rest_route=%2Fwp%2Fv2%2Fcomments&post=104294"}],"version-history":[{"count":0,"href":"https:\/\/www.fuldaernachrichten.de\/index.php?rest_route=\/wp\/v2\/posts\/104294\/revisions"}],"wp:attachment":[{"href":"https:\/\/www.fuldaernachrichten.de\/index.php?rest_route=%2Fwp%2Fv2%2Fmedia&parent=104294"}],"wp:term":[{"taxonomy":"category","embeddable":true,"href":"https:\/\/www.fuldaernachrichten.de\/index.php?rest_route=%2Fwp%2Fv2%2Fcategories&post=104294"},{"taxonomy":"post_tag","embeddable":true,"href":"https:\/\/www.fuldaernachrichten.de\/index.php?rest_route=%2Fwp%2Fv2%2Ftags&post=104294"}],"curies":[{"name":"wp","href":"https:\/\/api.w.org\/{rel}","templated":true}]}}