{"id":104288,"date":"2012-11-24T00:15:04","date_gmt":"2012-11-24T00:15:04","guid":{"rendered":"http:\/\/www.fuldaer-nachrichten.de\/?p=104288"},"modified":"2012-11-24T11:08:05","modified_gmt":"2012-11-24T11:08:05","slug":"weihnachtsaktion-zugunsten-vernachlassigter-tiere-im-fressnapf-fulda","status":"publish","type":"post","link":"https:\/\/www.fuldaernachrichten.de\/?p=104288","title":{"rendered":"Weihnachtsaktion zugunsten vernachl\u00e4ssigter Tiere im Fressnapf Fulda"},"content":{"rendered":"<p><strong><\/strong><img fetchpriority=\"high\" decoding=\"async\" class=\"alignleft size-thumbnail wp-image-104289\" title=\"Fressnapf 4\" src=\"http:\/\/www.fuldaer-nachrichten.de\/wp-content\/uploads\/2012\/11\/Fressnapf-4-265x198.jpg\" alt=\"\" width=\"265\" height=\"198\" srcset=\"https:\/\/www.fuldaernachrichten.de\/wp-content\/uploads\/2012\/11\/Fressnapf-4-265x198.jpg 265w, https:\/\/www.fuldaernachrichten.de\/wp-content\/uploads\/2012\/11\/Fressnapf-4.jpg 600w\" sizes=\"(max-width: 265px) 100vw, 265px\" \/>Fulda. Der Tierbedarfsspezialist Fressnapf in der Fuldaer Rangstrasse k\u00fcmmert sich auch in diesem Jahr wieder mit einer Weihnachtsaktion um die Tiere, denen es nicht so gut geht wie ihren Artgenossen. Bereits in der Vergangenheit wurden verschiedene Aktionen durchgef\u00fchrt, in denen unter anderem liebevoll zusammengestellte Geschenkp\u00e4ckchen gegen einen Spendenbetrag verteilt wurden. In diesem Jahr hat sich das Team vom Fressnapf wieder etwas ganz besonderes einfallen lassen: ein Wunschweihnachtsbaum. <!--more--><\/p>\n<p>Ein sch\u00f6ner, dekorierter Baum wurde f\u00fcr die Vorweihnachtszeit aufgestellt, an dem verschiedene K\u00e4rtchen mit W\u00fcnschen f\u00fcr vernachl\u00e4ssigte Tiere h\u00e4ngen. Kunden, die sich an der Aktion beteiligen m\u00f6chten und den vernachl\u00e4ssigten Tieren ein Weihnachtsgeschenk kaufen wollen, k\u00f6nnen dies in diesem Jahr f\u00fcr die Tiere von\u00c2\u00a0Verantwortung Leben e.V. im Fressnapf tun.<\/p>\n<p>Die Tiere denen die Spende zugute kommt,\u00c2\u00a0kommen oft\u00c2\u00a0aus den schlechtesten Verh\u00e4ltnissen und m\u00fcssen tier\u00e4rztlich versorgt und aufgep\u00e4ppelt werden, bis sie sp\u00e4ter \u2013 im besten Fall \u2013 in ein neues Zuhause vermittelt werden k\u00f6nnen.<\/p>\n<p>Wer den Verein auf direkte Weise unterst\u00fctzen m\u00f6chte kann dies auch durch eine Kontaktaufnahme \u00fcber die Vereinsnummer 0173\/6543210 tun. Ben\u00f6tigt werden neben finanziellen Unterst\u00fctzungen auch die tatkr\u00e4ftige Mitarbeit z.B. in Form von Pflegestellen oder der \u00dcbernahme von Tierarztfahrten. Weitere Informationen finden Sie im Internet unter <a href=\"http:\/\/www.verantwortung-leben.de\" target=\"_blank\">www.verantwortung-leben.de<\/a> und <a href=\"http:\/\/www.facebook.com\/VerantwortungLeben \" target=\"_blank\">www.facebook.com\/VerantwortungLeben <\/a>oder nat\u00fcrlich auch direkt vor Ort im Fressnapf Fulda.<\/p>\n<p>&nbsp;<\/p>\n<p>&nbsp;<\/p>\n","protected":false},"excerpt":{"rendered":"<div class=\"tmnf_excerpt\"><p>Fulda. Der Tierbedarfsspezialist Fressnapf in der Fuldaer Rangstrasse k\u00fcmmert sich auch in diesem Jahr wieder mit einer Weihnachtsaktion um die Tiere, denen es nicht so gut geht wie ihren Artgenossen. Bereits in der Vergangenheit wurden verschiedene Aktionen durchgef\u00fchrt, in denen unter anderem liebevoll zusammengestellte Geschenkp\u00e4ckchen gegen einen Spendenbetrag verteilt wurden. In diesem Jahr hat sich &hellip;<\/p>\n<\/div>","protected":false},"author":1,"featured_media":0,"comment_status":"closed","ping_status":"closed","sticky":false,"template":"","format":"standard","meta":{"footnotes":""},"categories":[1,29],"tags":[],"class_list":["post-104288","post","type-post","status-publish","format-standard","hentry","category-startseite","category-politik"],"_links":{"self":[{"href":"https:\/\/www.fuldaernachrichten.de\/index.php?rest_route=\/wp\/v2\/posts\/104288","targetHints":{"allow":["GET"]}}],"collection":[{"href":"https:\/\/www.fuldaernachrichten.de\/index.php?rest_route=\/wp\/v2\/posts"}],"about":[{"href":"https:\/\/www.fuldaernachrichten.de\/index.php?rest_route=\/wp\/v2\/types\/post"}],"author":[{"embeddable":true,"href":"https:\/\/www.fuldaernachrichten.de\/index.php?rest_route=\/wp\/v2\/users\/1"}],"replies":[{"embeddable":true,"href":"https:\/\/www.fuldaernachrichten.de\/index.php?rest_route=%2Fwp%2Fv2%2Fcomments&post=104288"}],"version-history":[{"count":1,"href":"https:\/\/www.fuldaernachrichten.de\/index.php?rest_route=\/wp\/v2\/posts\/104288\/revisions"}],"predecessor-version":[{"id":104290,"href":"https:\/\/www.fuldaernachrichten.de\/index.php?rest_route=\/wp\/v2\/posts\/104288\/revisions\/104290"}],"wp:attachment":[{"href":"https:\/\/www.fuldaernachrichten.de\/index.php?rest_route=%2Fwp%2Fv2%2Fmedia&parent=104288"}],"wp:term":[{"taxonomy":"category","embeddable":true,"href":"https:\/\/www.fuldaernachrichten.de\/index.php?rest_route=%2Fwp%2Fv2%2Fcategories&post=104288"},{"taxonomy":"post_tag","embeddable":true,"href":"https:\/\/www.fuldaernachrichten.de\/index.php?rest_route=%2Fwp%2Fv2%2Ftags&post=104288"}],"curies":[{"name":"wp","href":"https:\/\/api.w.org\/{rel}","templated":true}]}}