{"id":104286,"date":"2012-11-24T00:12:12","date_gmt":"2012-11-24T00:12:12","guid":{"rendered":"http:\/\/www.fuldaer-nachrichten.de\/?p=104286"},"modified":"2012-11-24T11:06:03","modified_gmt":"2012-11-24T11:06:03","slug":"biospharenreservat-rhon-ein-konzept-mit-zukunft-diskussionsveranstaltung-bundnis-90grunen-am-29-november","status":"publish","type":"post","link":"https:\/\/www.fuldaernachrichten.de\/?p=104286","title":{"rendered":"Biosph\u00e4renreservat Rh\u00f6n \u2013 Ein Konzept mit Zukunft? Diskussionsveranstaltung B\u00fcndnis 90\/Gr\u00fcnen am 29. November"},"content":{"rendered":"<p>Fulda. Die Zukunftsf\u00e4higkeit des Biosph\u00e4renreservats Rh\u00f6n ist am Donnerstag, den 29. November 2012, ab 19 h Thema einer Diskussionsveranstaltung im Museumskeller Fulda. Der Kreisverband der B\u00fcndnis 90\/ Gr\u00fcnen Fulda hat Prof. Erich Ott, Leiter der Forschungsstelle Region und Nachhaltigkeit der Hochschule Fulda, zu einem Kurzvortrag eingeladen. Anschlie\u00dfend werden Helmut Sch\u00f6nberger, Fraktionsvorsitzender der Gr\u00fcnen Kreistagsfraktion, Sabine Frank von der Initiative Sternreservat Rh\u00f6n und Bruno G\u00fcnkel, zust\u00e4ndig f\u00fcr Wirtschaftsf\u00f6rderung, Standortmarketing und Tourismus beim Landkreis Fulda, zu seinen Thesen Stellung nehmen. Die Moderation \u00fcbernimmt Bernd Eckart.<\/p>\n","protected":false},"excerpt":{"rendered":"<div class=\"tmnf_excerpt\"><p>Fulda. Die Zukunftsf\u00e4higkeit des Biosph\u00e4renreservats Rh\u00f6n ist am Donnerstag, den 29. November 2012, ab 19 h Thema einer Diskussionsveranstaltung im Museumskeller Fulda. Der Kreisverband der B\u00fcndnis 90\/ Gr\u00fcnen Fulda hat Prof. Erich Ott, Leiter der Forschungsstelle Region und Nachhaltigkeit der Hochschule Fulda, zu einem Kurzvortrag eingeladen. Anschlie\u00dfend werden Helmut Sch\u00f6nberger, Fraktionsvorsitzender der Gr\u00fcnen Kreistagsfraktion, Sabine &hellip;<\/p>\n<\/div>","protected":false},"author":1,"featured_media":0,"comment_status":"closed","ping_status":"closed","sticky":false,"template":"","format":"standard","meta":{"footnotes":""},"categories":[1,29],"tags":[],"class_list":["post-104286","post","type-post","status-publish","format-standard","hentry","category-startseite","category-politik"],"_links":{"self":[{"href":"https:\/\/www.fuldaernachrichten.de\/index.php?rest_route=\/wp\/v2\/posts\/104286","targetHints":{"allow":["GET"]}}],"collection":[{"href":"https:\/\/www.fuldaernachrichten.de\/index.php?rest_route=\/wp\/v2\/posts"}],"about":[{"href":"https:\/\/www.fuldaernachrichten.de\/index.php?rest_route=\/wp\/v2\/types\/post"}],"author":[{"embeddable":true,"href":"https:\/\/www.fuldaernachrichten.de\/index.php?rest_route=\/wp\/v2\/users\/1"}],"replies":[{"embeddable":true,"href":"https:\/\/www.fuldaernachrichten.de\/index.php?rest_route=%2Fwp%2Fv2%2Fcomments&post=104286"}],"version-history":[{"count":1,"href":"https:\/\/www.fuldaernachrichten.de\/index.php?rest_route=\/wp\/v2\/posts\/104286\/revisions"}],"predecessor-version":[{"id":104287,"href":"https:\/\/www.fuldaernachrichten.de\/index.php?rest_route=\/wp\/v2\/posts\/104286\/revisions\/104287"}],"wp:attachment":[{"href":"https:\/\/www.fuldaernachrichten.de\/index.php?rest_route=%2Fwp%2Fv2%2Fmedia&parent=104286"}],"wp:term":[{"taxonomy":"category","embeddable":true,"href":"https:\/\/www.fuldaernachrichten.de\/index.php?rest_route=%2Fwp%2Fv2%2Fcategories&post=104286"},{"taxonomy":"post_tag","embeddable":true,"href":"https:\/\/www.fuldaernachrichten.de\/index.php?rest_route=%2Fwp%2Fv2%2Ftags&post=104286"}],"curies":[{"name":"wp","href":"https:\/\/api.w.org\/{rel}","templated":true}]}}