{"id":104284,"date":"2012-11-24T00:14:48","date_gmt":"2012-11-24T00:14:48","guid":{"rendered":"http:\/\/www.fuldaer-nachrichten.de\/?p=104284"},"modified":"2012-11-24T11:00:03","modified_gmt":"2012-11-24T11:00:03","slug":"g8g9-inklusion-und-stellensituation-arbeitskreis-schule-und-bildung-der-cdu-kreistagsfraktion-tagte","status":"publish","type":"post","link":"https:\/\/www.fuldaernachrichten.de\/?p=104284","title":{"rendered":"G8\/G9, Inklusion und Stellensituation &#8211; Arbeitskreis Schule und Bildung der CDU-Kreistagsfraktion tagte"},"content":{"rendered":"<p><img fetchpriority=\"high\" decoding=\"async\" class=\"alignleft size-thumbnail wp-image-104285\" title=\"Ak-Schule\" src=\"http:\/\/www.fuldaer-nachrichten.de\/wp-content\/uploads\/2012\/11\/Ak-Schule-265x198.jpg\" alt=\"\" width=\"265\" height=\"198\" srcset=\"https:\/\/www.fuldaernachrichten.de\/wp-content\/uploads\/2012\/11\/Ak-Schule-265x198.jpg 265w, https:\/\/www.fuldaernachrichten.de\/wp-content\/uploads\/2012\/11\/Ak-Schule.jpg 592w\" sizes=\"(max-width: 265px) 100vw, 265px\" \/>Fulda. Aktuelle schulpolitische Themen waren Gegenstand der j\u00fcngsten Zusammenkunft des Arbeitskreises Schule und Bildung der CDU-Kreistagsfraktion mit Vertretern des Staatlichen Schulamtes. Dabei konnte Arbeitskreisvorsitzende, Martina Hering, den Fraktionsvorsitzenden MdL, Dr. Norbert Herr, den stellvertretenden Amtsleiter des Staatlichen Schulamtes, Wolfgang Kremer, die Dezernenten Stephan Schmitt und Walburga Kurth-Gesing, Bernhard Farnung vom Studienseminar Fulda sowie Marion Frohnapfel vom Fachdienst Schulen des Landkreises begr\u00fc\u00dfen.<!--more--><\/p>\n<p>Ausgehend von der aktuellen Presseerkl\u00e4rung des Kultusministeriums zur Ausgestaltung der gymnasialen Schullaufbahn in acht oder neun Jahren gab Leitender Schulamtsdirektor Wolfgang Kremer Einzelheiten zur Wahlfreiheit zwischen G8 und G9 bekannt. Vorbehaltlich der Entwicklung der gesetzlichen Grundlagen sind die Beschl\u00fcsse aller zu beteiligenden Gremien einer Schule notwendig. So besteht auch f\u00fcr die Gymnasien und die kooperativen Gesamtschulen im Kreis Fulda die M\u00f6glichkeit, bei G 8 zu bleiben, zu G9 zur\u00fcckzukehren oder ein Wahlangebot zwischen G8 und G9 zu schaffen. Dieses Wahlangebot sieht dabei eine Stundentafel gem\u00e4\u00df G8 in den Klassenstufen 5 und 6 vor. Anschlie\u00dfend besteht Wahlfreiheit zwischen drei oder vier Jahren bis zur Einf\u00fchrungsphase der Oberstufe.<\/p>\n<p>Vor einer endg\u00fcltigen Entscheidung im Schulamtsbezirk Fulda sei, so Kremer, neben der gesetzlichen Grundlage eine breite und sachliche Information aller Beteiligten, eine Abstimmung mit dem Schultr\u00e4ger und insgesamt ein koordiniertes und planvolles Vorgehen innerhalb der Region geboten. Die zahlreich anwesenden Kreistagsabgeordneten begr\u00fc\u00dften die M\u00f6glichkeit, zu G 9 zur\u00fcckkehren zu k\u00f6nnen, da dies dem Wunsch vieler Eltern entspreche.<\/p>\n<p>Walburga Kurth-Gesing, die neue zust\u00e4ndige Dezernatsleiterin am Schulamt f\u00fcr den Bereich der F\u00f6rderschulen, informierte zum Sachstand in Bezug auf die Umsetzung der inklusiven Beschulung an allgemeinen Schulen. Mit der Realisierung des Rechts behinderter Sch\u00fclerinnen und Sch\u00fcler auf F\u00f6rderung im Unterricht an allgemeinen Schulen ist das bisherige Verfahren zur \u00dcberpr\u00fcfung und Feststellung sonderp\u00e4dagogischen F\u00f6rderbedarfs seit diesem Schuljahr entfallen. Somit k\u00f6nnen alle Sch\u00fcler ausnahmslos an allgemeinen Schulen aufgenommen werden, an denen dann F\u00f6rderungen im Rahmen der verf\u00fcgbaren r\u00e4umlichen, s\u00e4chlichen und personellen Ressourcen erfolgen und ggf. weitere Entscheidungen getroffen werden.<\/p>\n<p>Das Wahlrecht der Eltern findet dadurch st\u00e4rkere Ber\u00fccksichtigung, wobei eine enge Kooperation zwischen der Schule, dem zust\u00e4ndigen Beratungs- und F\u00f6rderzentrum sowie der F\u00f6rderschule geboten ist. Ein F\u00f6rderausschuss, bestehend aus Schulleiter, Eltern, Lehrkraft der allgemeinen Schule sowie Lehrkraft der F\u00f6rderschule ist Entscheidungsgremium. Der Arbeitskreis bem\u00e4ngelte dabei den gro\u00dfen Zeitkorridor, der gesetzlich vorgegeben ist, bevor ein F\u00f6rderausschuss einberufen wird. Dies wirke sich negativ auf die Lernentwicklung sowohl der einzelnen Betroffenen, aber auch der gesamten Klasse aus.<\/p>\n<p>Kritik gab es weiterhin an der noch immer unklaren Ausgestaltung des vom Landtag beschlossenen Landesschulamtes, das bereits am 1. Januar 2013 seine Arbeit aufnehmen wird. Es sei noch immer nicht abzusehen, welche Aufgaben das Schulamt Fulda sowie die 14 anderen Schul\u00e4mter in Hessen als nach geordnete Dienstsitze dann regional \u00fcbernehmen sollen. Die Fraktionsmitglieder zeigten sich dar\u00fcber beunruhigt, dass noch nicht gekl\u00e4rt sei, ob das Fuldaer Amt auch weiterhin als eine Beh\u00f6rde mit eigenen Entscheidungsbefugnissen in den Bereichen Schulaufsicht und Personalmanagement seine sehr erfolgreiche Arbeit in der Bildungsregion Fulda fortsetzen k\u00f6nne.<\/p>\n<p>Die sehr gute Ausstattung der Schulen im Landkreis und in der Stadt Fulda, die in enger Abstimmung mit den beiden Schultr\u00e4gern erfolge, wirke sich auch unmittelbar auf die gute Qualit\u00e4t von Schule in der Region aus. Die Schulen im Schulamtsbezirk Fulda haben auch 2012 bei den Abschlusspr\u00fcfungen im Bereich der Haupt- und Realschulen und im Bereich des Landesabiturs wieder Spitzenergebnisse erreicht.<\/p>\n<p>Bez\u00fcglich der Stellensituation an den hiesigen Schulen erkl\u00e4rte Leitender Schulamtsdirektor Stephan Schmitt, dass die Lehrerversorgung insgesamt sehr zufrieden stellend sei. Lediglich an den F\u00f6rderschulen sei noch Bedarf zu verzeichnen.<\/p>\n<p>Im Anschluss an die insgesamt regen Aussprachen dankte Arbeitskreisvorsitzende Hering den Referenten f\u00fcr ihre Ausf\u00fchrungen und den \u00fcbrigen Teilnehmern f\u00fcr die Anregungen und Beitr\u00e4ge.<\/p>\n<p>&nbsp;<\/p>\n<p>&nbsp;<\/p>\n","protected":false},"excerpt":{"rendered":"<div class=\"tmnf_excerpt\"><p>Fulda. Aktuelle schulpolitische Themen waren Gegenstand der j\u00fcngsten Zusammenkunft des Arbeitskreises Schule und Bildung der CDU-Kreistagsfraktion mit Vertretern des Staatlichen Schulamtes. Dabei konnte Arbeitskreisvorsitzende, Martina Hering, den Fraktionsvorsitzenden MdL, Dr. Norbert Herr, den stellvertretenden Amtsleiter des Staatlichen Schulamtes, Wolfgang Kremer, die Dezernenten Stephan Schmitt und Walburga Kurth-Gesing, Bernhard Farnung vom Studienseminar Fulda sowie Marion Frohnapfel &hellip;<\/p>\n<\/div>","protected":false},"author":1,"featured_media":0,"comment_status":"closed","ping_status":"closed","sticky":false,"template":"","format":"standard","meta":{"footnotes":""},"categories":[1,53],"tags":[],"class_list":["post-104284","post","type-post","status-publish","format-standard","hentry","category-startseite","category-bildung"],"_links":{"self":[{"href":"https:\/\/www.fuldaernachrichten.de\/index.php?rest_route=\/wp\/v2\/posts\/104284","targetHints":{"allow":["GET"]}}],"collection":[{"href":"https:\/\/www.fuldaernachrichten.de\/index.php?rest_route=\/wp\/v2\/posts"}],"about":[{"href":"https:\/\/www.fuldaernachrichten.de\/index.php?rest_route=\/wp\/v2\/types\/post"}],"author":[{"embeddable":true,"href":"https:\/\/www.fuldaernachrichten.de\/index.php?rest_route=\/wp\/v2\/users\/1"}],"replies":[{"embeddable":true,"href":"https:\/\/www.fuldaernachrichten.de\/index.php?rest_route=%2Fwp%2Fv2%2Fcomments&post=104284"}],"version-history":[{"count":0,"href":"https:\/\/www.fuldaernachrichten.de\/index.php?rest_route=\/wp\/v2\/posts\/104284\/revisions"}],"wp:attachment":[{"href":"https:\/\/www.fuldaernachrichten.de\/index.php?rest_route=%2Fwp%2Fv2%2Fmedia&parent=104284"}],"wp:term":[{"taxonomy":"category","embeddable":true,"href":"https:\/\/www.fuldaernachrichten.de\/index.php?rest_route=%2Fwp%2Fv2%2Fcategories&post=104284"},{"taxonomy":"post_tag","embeddable":true,"href":"https:\/\/www.fuldaernachrichten.de\/index.php?rest_route=%2Fwp%2Fv2%2Ftags&post=104284"}],"curies":[{"name":"wp","href":"https:\/\/api.w.org\/{rel}","templated":true}]}}