{"id":104276,"date":"2012-11-23T10:40:21","date_gmt":"2012-11-23T10:40:21","guid":{"rendered":"http:\/\/www.fuldaer-nachrichten.de\/?p=104276"},"modified":"2012-11-23T10:40:21","modified_gmt":"2012-11-23T10:40:21","slug":"gut-informiert-fit-und-gesund-bleiben-zufall-fulda-organisiert-ersten-gesundheitstag","status":"publish","type":"post","link":"https:\/\/www.fuldaernachrichten.de\/?p=104276","title":{"rendered":"Gut informiert fit und gesund bleiben &#8211; ZUFALL Fulda organisiert ersten Gesundheitstag"},"content":{"rendered":"<p><img decoding=\"async\" class=\"alignleft size-thumbnail wp-image-104277\" title=\"_MG_3284\" src=\"http:\/\/www.fuldaer-nachrichten.de\/wp-content\/uploads\/2012\/11\/MG_3284-265x176.jpg\" alt=\"\" width=\"265\" height=\"176\" srcset=\"https:\/\/www.fuldaernachrichten.de\/wp-content\/uploads\/2012\/11\/MG_3284-265x176.jpg 265w, https:\/\/www.fuldaernachrichten.de\/wp-content\/uploads\/2012\/11\/MG_3284.jpg 600w\" sizes=\"(max-width: 265px) 100vw, 265px\" \/>Fulda. Als Starthilfe f\u00fcr mehr Eigeninitiative hat das Unternehmen den Aktionstag ins Leben gerufen. Sechs Vortr\u00e4ge und zw\u00f6lf Mitmach-Angebote luden die Mitarbeiterinnen und Mitarbeiter dazu ein, sich bewusst mit ihrer eigenen Gesundheit zu besch\u00e4ftigen. An neun Informationsst\u00e4nden erhielten sie dar\u00fcber hinaus wertvolle Tipps \u2013 etwa zum gesunden Liegen oder zu einer gesundheitsgerechten Ern\u00e4hrung. Neben der Organisation des Info-Events hat die Niederlassungsleitung allen Mitarbeitenden auch eine Stunde Arbeitszeit zur freien Nutzung der vielf\u00e4ltigen Angebote geschenkt. <!--more--><\/p>\n<p>\u201eWir wollen mit dem Gesundheitstag jeden dazu motivieren, etwas f\u00fcr sich selbst zu tun und auf seine Gesundheit zu achten\u201c, erkl\u00e4rte Christoph G\u00f6bel, Sprecher der Niederlassungsleitung von ZUFALL Fulda. Der mittelst\u00e4ndische Speditions- und Logistikdienstleister sieht im Gesundheitsmanagement seine Aufgabe darin, die eigene Belegschaft zu begleiten und auf Wunsch durch Coachings und \u00e4hnliche Ma\u00dfnahmen zu unterst\u00fctzen. \u201eWir machen bewusst keine Vorgaben, nicht alles passt zu Jedem\u201c, erkl\u00e4rt Susanne Friese, die als Referentin f\u00fcr Gesundheitsf\u00f6rderung ZUFALL Fulda extern ber\u00e4t: \u201eUns kommt es darauf an, dass jeder seine pers\u00f6nliche Balance findet und sich in seinem Leben zu Hause f\u00fchlt.\u201c<\/p>\n<p>Entsprechend breit gef\u00e4chert waren auch die Angebote des ersten \u201eZUFALL-Gesundheitstags\u201c. So wurde beispielsweise das Bewegungs- und Koordinations-Training \u201eLife Kinetik\u201c vorgestellt, das unter anderem die Fu\u00dfballer von Borussia Dortmund und der deutsche Slaloml\u00e4ufer Felix Neureuther regelm\u00e4\u00dfig einsetzen. Au\u00dferdem konnten die ZUFALL-Mitarbeiter die therapeutischen Feldenkrais-Bewegungs\u00fcbungen ausprobieren und das Selbstverteidigungssystem Krav Maga testen. Yoga-\u00dcbungen zielten auf die harmonische Einheit von K\u00f6rper und Geist. Zus\u00e4tzlich stellte Matthias Vogt von R\u00dcCKENGERECHT die \u201eLiegeDiagnose\u201c vor, bei der mit elektronischen Sensoren eine r\u00fcckengerechte Liegeposition \u00fcberpr\u00fcft wird.<\/p>\n<p>Passend zu den Anregungen pr\u00e4sentierte das ZUFALL-Bistro am Gesundheitstag ein vegetarisches Men\u00fc mit K\u00fcrbis-Lasagne und Salat zum symbolischen Preis von einem Euro. \u201eMich hat das vielf\u00e4ltige Programm sehr bereichert\u201c, berichtete Elke Spiegel, Mitarbeiterin in der Verkaufsabteilung, begeistert. \u201eDer Gesundheitstag war wirklich toll organisiert.\u201c<\/p>\n<p>&nbsp;<\/p>\n","protected":false},"excerpt":{"rendered":"<div class=\"tmnf_excerpt\"><p>Fulda. Als Starthilfe f\u00fcr mehr Eigeninitiative hat das Unternehmen den Aktionstag ins Leben gerufen. Sechs Vortr\u00e4ge und zw\u00f6lf Mitmach-Angebote luden die Mitarbeiterinnen und Mitarbeiter dazu ein, sich bewusst mit ihrer eigenen Gesundheit zu besch\u00e4ftigen. An neun Informationsst\u00e4nden erhielten sie dar\u00fcber hinaus wertvolle Tipps \u2013 etwa zum gesunden Liegen oder zu einer gesundheitsgerechten Ern\u00e4hrung. Neben der &hellip;<\/p>\n<\/div>","protected":false},"author":1,"featured_media":0,"comment_status":"closed","ping_status":"closed","sticky":false,"template":"","format":"standard","meta":{"footnotes":""},"categories":[1],"tags":[],"class_list":["post-104276","post","type-post","status-publish","format-standard","hentry","category-startseite"],"_links":{"self":[{"href":"https:\/\/www.fuldaernachrichten.de\/index.php?rest_route=\/wp\/v2\/posts\/104276","targetHints":{"allow":["GET"]}}],"collection":[{"href":"https:\/\/www.fuldaernachrichten.de\/index.php?rest_route=\/wp\/v2\/posts"}],"about":[{"href":"https:\/\/www.fuldaernachrichten.de\/index.php?rest_route=\/wp\/v2\/types\/post"}],"author":[{"embeddable":true,"href":"https:\/\/www.fuldaernachrichten.de\/index.php?rest_route=\/wp\/v2\/users\/1"}],"replies":[{"embeddable":true,"href":"https:\/\/www.fuldaernachrichten.de\/index.php?rest_route=%2Fwp%2Fv2%2Fcomments&post=104276"}],"version-history":[{"count":1,"href":"https:\/\/www.fuldaernachrichten.de\/index.php?rest_route=\/wp\/v2\/posts\/104276\/revisions"}],"predecessor-version":[{"id":104278,"href":"https:\/\/www.fuldaernachrichten.de\/index.php?rest_route=\/wp\/v2\/posts\/104276\/revisions\/104278"}],"wp:attachment":[{"href":"https:\/\/www.fuldaernachrichten.de\/index.php?rest_route=%2Fwp%2Fv2%2Fmedia&parent=104276"}],"wp:term":[{"taxonomy":"category","embeddable":true,"href":"https:\/\/www.fuldaernachrichten.de\/index.php?rest_route=%2Fwp%2Fv2%2Fcategories&post=104276"},{"taxonomy":"post_tag","embeddable":true,"href":"https:\/\/www.fuldaernachrichten.de\/index.php?rest_route=%2Fwp%2Fv2%2Ftags&post=104276"}],"curies":[{"name":"wp","href":"https:\/\/api.w.org\/{rel}","templated":true}]}}